{"id":74897,"date":"2021-02-01T11:22:28","date_gmt":"2021-02-01T10:22:28","guid":{"rendered":"https:\/\/www.fisifvg.org\/?p=74897"},"modified":"2021-02-01T11:22:28","modified_gmt":"2021-02-01T10:22:28","slug":"gp-fisi-fvg-fondo-il-programma-della-gara-di-domenica-7-a-piancavallo","status":"publish","type":"post","link":"https:\/\/comitati.fisi.org\/friuli-venezia-giulia\/blog\/2021\/02\/01\/gp-fisi-fvg-fondo-il-programma-della-gara-di-domenica-7-a-piancavallo\/","title":{"rendered":"GP FISI FVG fondo, il programma della gara di domenica 7 a Piancavallo"},"content":{"rendered":"<p>Appuntamento domenica 7 febbraio dalle 9.30 a Piancavallo con il 28\u00b0 Trofeo Panorama-Memorial Giacomo Santarossa, prova del circuito FISI FVG 2020-2021 di sci di fondo organizzata dallo Sci Club Panorama.<\/p>\n<p>Cuccioli a parte (impegnati sabato scorso nel Trofeo Biberon a Forni di Sopra), si tratter\u00e0 della prima gara stagionale per i fondisti FVG, quindi un appuntamento particolarmente sentito, anche perch\u00e9 metter\u00e0 in palio i titoli regionali sprint Ragazzi e Allievi, mentre tutte le altre categorie saranno impegnate in una prova individuale a tecnica libera (non valida per i Campionati Regionali).<\/p>\n<p>Tutte le informazioni nel programma\/regolamento qui sotto<em><strong> (aggiornato a marted\u00ec 2 febbraio).<\/strong><\/em><\/p>\n<p><a href=\"http:\/\/comitati.fisi.org\/friuli-venezia-giulia\/wp-content\/uploads\/sites\/34\/2021\/02\/programma-regolamento-gara-7-feb-21.pdf\">Programma\/Regolamento<\/a><\/p>\n","protected":false},"excerpt":{"rendered":"<p>Appuntamento  con il 28\u00b0 Trofeo Panorama-Memorial Giacomo Santarossa, organizzato dallo Sci Club Panorama<\/p>\n","protected":false},"author":4,"featured_media":65142,"comment_status":"closed","ping_status":"closed","sticky":false,"template":"","format":"standard","meta":{"_acf_changed":false,"footnotes":""},"categories":[11],"tags":[],"acf":[],"_links":{"self":[{"href":"https:\/\/comitati.fisi.org\/friuli-venezia-giulia\/wp-json\/wp\/v2\/posts\/74897"}],"collection":[{"href":"https:\/\/comitati.fisi.org\/friuli-venezia-giulia\/wp-json\/wp\/v2\/posts"}],"about":[{"href":"https:\/\/comitati.fisi.org\/friuli-venezia-giulia\/wp-json\/wp\/v2\/types\/post"}],"author":[{"embeddable":true,"href":"https:\/\/comitati.fisi.org\/friuli-venezia-giulia\/wp-json\/wp\/v2\/users\/4"}],"replies":[{"embeddable":true,"href":"https:\/\/comitati.fisi.org\/friuli-venezia-giulia\/wp-json\/wp\/v2\/comments?post=74897"}],"version-history":[{"count":0,"href":"https:\/\/comitati.fisi.org\/friuli-venezia-giulia\/wp-json\/wp\/v2\/posts\/74897\/revisions"}],"wp:featuredmedia":[{"embeddable":true,"href":"https:\/\/comitati.fisi.org\/friuli-venezia-giulia\/wp-json\/wp\/v2\/media\/65142"}],"wp:attachment":[{"href":"https:\/\/comitati.fisi.org\/friuli-venezia-giulia\/wp-json\/wp\/v2\/media?parent=74897"}],"wp:term":[{"taxonomy":"category","embeddable":true,"href":"https:\/\/comitati.fisi.org\/friuli-venezia-giulia\/wp-json\/wp\/v2\/categories?post=74897"},{"taxonomy":"post_tag","embeddable":true,"href":"https:\/\/comitati.fisi.org\/friuli-venezia-giulia\/wp-json\/wp\/v2\/tags?post=74897"}],"curies":[{"name":"wp","href":"https:\/\/api.w.org\/{rel}","templated":true}]}}