{"id":74894,"date":"2021-02-01T10:53:52","date_gmt":"2021-02-01T09:53:52","guid":{"rendered":"https:\/\/www.fisifvg.org\/?p=74894"},"modified":"2021-02-01T10:53:52","modified_gmt":"2021-02-01T09:53:52","slug":"i-convocati-fvg-per-la-coppa-italia-di-biathlon-in-val-di-zoldo","status":"publish","type":"post","link":"https:\/\/comitati.fisi.org\/friuli-venezia-giulia\/blog\/2021\/02\/01\/i-convocati-fvg-per-la-coppa-italia-di-biathlon-in-val-di-zoldo\/","title":{"rendered":"I convocati FVG per la Coppa Italia di biathlon in Val di Zoldo"},"content":{"rendered":"<p>Nuovo appuntamento nel prossimo fine settimana con la Coppa Italia Fiocchi di biathlon, che anche in questa stagione vede gli esponenti della squadra FISI FVG grandi protagonisti.<\/p>\n<p>Si garegger\u00e0 ai 1500 metri di altitudine del centro del biathlon di Palafav\u00e8ra, in Val di Zoldo (Belluno), struttura che ha ospitato la Coppa Italia per la prima volta nel marzo del 2019 e che \u00e8 stato teatro di diversi campionati italiani per le categorie Ragazzi e Allievi.<\/p>\n<p>Il programma prevede per sabato 6 la Mass Start: le categorie femminili gareggeranno a partire dalle 10, quella maschili dalle 13. Il giorno successivo, domenica 7, toccher\u00e0 alle Sprint: anche in questo caso la partenza delle ragazze \u00e8 prevista per le 10, quella dei ragazzi per le 13.<\/p>\n<p>Il coordinatore\u00a0 Maurizio Del Fabbro e l&#8217;allenatore responsabile Enrico Tach hanno diramato l&#8217;elenco dei convocati, cui come sempre si aggiungono i biathleti inseriti nei corpi militari ma facenti comunque parte della squadra FISI FVG.<\/p>\n<p><strong>SQUADRA A<\/strong><\/p>\n<div id='gallery-1' class='gallery galleryid-74894 gallery-columns-4 gallery-size-thumbnail'><dl class='gallery-item'>\n\t\t\t<dt class='gallery-icon portrait'>\n\t\t\t\t<a href='https:\/\/comitati.fisi.org\/friuli-venezia-giulia\/blog\/2019\/11\/22\/i-campionati-isontini-transfrontalieri-compiono-16-anni\/biathlon-2020-fabio-cappellari\/'><img loading=\"lazy\" decoding=\"async\" width=\"150\" height=\"150\" src=\"https:\/\/comitati.fisi.org\/friuli-venezia-giulia\/wp-content\/uploads\/sites\/34\/2019\/11\/BIATHLON-2020-Fabio-Cappellari-150x150.jpg\" class=\"attachment-thumbnail size-thumbnail\" alt=\"\" aria-describedby=\"gallery-1-62782\" srcset=\"https:\/\/comitati.fisi.org\/friuli-venezia-giulia\/wp-content\/uploads\/sites\/34\/2019\/11\/BIATHLON-2020-Fabio-Cappellari-150x150.jpg 150w, https:\/\/comitati.fisi.org\/friuli-venezia-giulia\/wp-content\/uploads\/sites\/34\/2019\/11\/BIATHLON-2020-Fabio-Cappellari.jpg 299w\" sizes=\"(max-width: 150px) 100vw, 150px\" \/><\/a>\n\t\t\t<\/dt>\n\t\t\t\t<dd class='wp-caption-text gallery-caption' id='gallery-1-62782'>\n\t\t\t\tFABIO CAPPELLARI\nFornese\n\t\t\t\t<\/dd><\/dl><dl class='gallery-item'>\n\t\t\t<dt class='gallery-icon portrait'>\n\t\t\t\t<a href='https:\/\/comitati.fisi.org\/friuli-venezia-giulia\/blog\/2019\/11\/22\/i-campionati-isontini-transfrontalieri-compiono-16-anni\/biathlon-2020-lorenzo-solero2\/'><img loading=\"lazy\" decoding=\"async\" width=\"150\" height=\"150\" src=\"https:\/\/comitati.fisi.org\/friuli-venezia-giulia\/wp-content\/uploads\/sites\/34\/2019\/11\/BIATHLON-2020-Lorenzo-Solero2-150x150.jpg\" class=\"attachment-thumbnail size-thumbnail\" alt=\"\" aria-describedby=\"gallery-1-62795\" srcset=\"https:\/\/comitati.fisi.org\/friuli-venezia-giulia\/wp-content\/uploads\/sites\/34\/2019\/11\/BIATHLON-2020-Lorenzo-Solero2-150x150.jpg 150w, https:\/\/comitati.fisi.org\/friuli-venezia-giulia\/wp-content\/uploads\/sites\/34\/2019\/11\/BIATHLON-2020-Lorenzo-Solero2.jpg 299w\" sizes=\"(max-width: 150px) 100vw, 150px\" \/><\/a>\n\t\t\t<\/dt>\n\t\t\t\t<dd class='wp-caption-text gallery-caption' id='gallery-1-62795'>\n\t\t\t\tLORENZO SOLERO\nCamosci\n\t\t\t\t<\/dd><\/dl><dl class='gallery-item'>\n\t\t\t<dt class='gallery-icon landscape'>\n\t\t\t\t<a href='https:\/\/comitati.fisi.org\/friuli-venezia-giulia\/blog\/2019\/11\/22\/i-campionati-isontini-transfrontalieri-compiono-16-anni\/biathlon-2020-nicholas-ribbi2\/'><img loading=\"lazy\" decoding=\"async\" width=\"150\" height=\"150\" src=\"https:\/\/comitati.fisi.org\/friuli-venezia-giulia\/wp-content\/uploads\/sites\/34\/2019\/11\/BIATHLON-2020-Nicholas-Ribbi2-150x150.jpg\" class=\"attachment-thumbnail size-thumbnail\" alt=\"\" aria-describedby=\"gallery-1-62805\" srcset=\"https:\/\/comitati.fisi.org\/friuli-venezia-giulia\/wp-content\/uploads\/sites\/34\/2019\/11\/BIATHLON-2020-Nicholas-Ribbi2-150x150.jpg 150w, https:\/\/comitati.fisi.org\/friuli-venezia-giulia\/wp-content\/uploads\/sites\/34\/2019\/11\/BIATHLON-2020-Nicholas-Ribbi2.jpg 301w\" sizes=\"(max-width: 150px) 100vw, 150px\" \/><\/a>\n\t\t\t<\/dt>\n\t\t\t\t<dd class='wp-caption-text gallery-caption' id='gallery-1-62805'>\n\t\t\t\tNICOLAS RIBBI\nCamosci\n\t\t\t\t<\/dd><\/dl><dl class='gallery-item'>\n\t\t\t<dt class='gallery-icon portrait'>\n\t\t\t\t<a href='https:\/\/comitati.fisi.org\/friuli-venezia-giulia\/blog\/2019\/11\/22\/i-campionati-isontini-transfrontalieri-compiono-16-anni\/biathlon-2020-alex-perissutti\/'><img loading=\"lazy\" decoding=\"async\" width=\"150\" height=\"150\" src=\"https:\/\/comitati.fisi.org\/friuli-venezia-giulia\/wp-content\/uploads\/sites\/34\/2019\/11\/BIATHLON-2020-Alex-Perissutti-150x150.jpg\" class=\"attachment-thumbnail size-thumbnail\" alt=\"\" aria-describedby=\"gallery-1-62774\" srcset=\"https:\/\/comitati.fisi.org\/friuli-venezia-giulia\/wp-content\/uploads\/sites\/34\/2019\/11\/BIATHLON-2020-Alex-Perissutti-150x150.jpg 150w, https:\/\/comitati.fisi.org\/friuli-venezia-giulia\/wp-content\/uploads\/sites\/34\/2019\/11\/BIATHLON-2020-Alex-Perissutti.jpg 300w\" sizes=\"(max-width: 150px) 100vw, 150px\" \/><\/a>\n\t\t\t<\/dt>\n\t\t\t\t<dd class='wp-caption-text gallery-caption' id='gallery-1-62774'>\n\t\t\t\tALEX PERISSUTTI\nFornese\n\t\t\t\t<\/dd><\/dl><dl class='gallery-item'>\n\t\t\t<dt class='gallery-icon portrait'>\n\t\t\t\t<a href='https:\/\/comitati.fisi.org\/friuli-venezia-giulia\/blog\/2019\/11\/22\/i-campionati-isontini-transfrontalieri-compiono-16-anni\/biathlon-2020-giada-monegato\/'><img loading=\"lazy\" decoding=\"async\" width=\"150\" height=\"150\" src=\"https:\/\/comitati.fisi.org\/friuli-venezia-giulia\/wp-content\/uploads\/sites\/34\/2019\/11\/BIATHLON-2020-Giada-Monegato-150x150.jpg\" class=\"attachment-thumbnail size-thumbnail\" alt=\"\" aria-describedby=\"gallery-1-62788\" srcset=\"https:\/\/comitati.fisi.org\/friuli-venezia-giulia\/wp-content\/uploads\/sites\/34\/2019\/11\/BIATHLON-2020-Giada-Monegato-150x150.jpg 150w, https:\/\/comitati.fisi.org\/friuli-venezia-giulia\/wp-content\/uploads\/sites\/34\/2019\/11\/BIATHLON-2020-Giada-Monegato.jpg 300w\" sizes=\"(max-width: 150px) 100vw, 150px\" \/><\/a>\n\t\t\t<\/dt>\n\t\t\t\t<dd class='wp-caption-text gallery-caption' id='gallery-1-62788'>\n\t\t\t\tGIADA MONEGATO\nMonte Coglians\n\t\t\t\t<\/dd><\/dl><dl class='gallery-item'>\n\t\t\t<dt class='gallery-icon landscape'>\n\t\t\t\t<a href='https:\/\/comitati.fisi.org\/friuli-venezia-giulia\/blog\/2019\/11\/22\/i-campionati-isontini-transfrontalieri-compiono-16-anni\/biathlon-2020-serena-del-fabbro-2\/'><img loading=\"lazy\" decoding=\"async\" width=\"150\" height=\"150\" src=\"https:\/\/comitati.fisi.org\/friuli-venezia-giulia\/wp-content\/uploads\/sites\/34\/2019\/11\/BIATHLON-2020-Serena-Del-Fabbro-1-150x150.jpg\" class=\"attachment-thumbnail size-thumbnail\" alt=\"\" aria-describedby=\"gallery-1-62808\" srcset=\"https:\/\/comitati.fisi.org\/friuli-venezia-giulia\/wp-content\/uploads\/sites\/34\/2019\/11\/BIATHLON-2020-Serena-Del-Fabbro-1-150x150.jpg 150w, https:\/\/comitati.fisi.org\/friuli-venezia-giulia\/wp-content\/uploads\/sites\/34\/2019\/11\/BIATHLON-2020-Serena-Del-Fabbro-1.jpg 301w\" sizes=\"(max-width: 150px) 100vw, 150px\" \/><\/a>\n\t\t\t<\/dt>\n\t\t\t\t<dd class='wp-caption-text gallery-caption' id='gallery-1-62808'>\n\t\t\t\tSERENA DEL FABBRO\nMonte Coglians\n\t\t\t\t<\/dd><\/dl><dl class='gallery-item'>\n\t\t\t<dt class='gallery-icon portrait'>\n\t\t\t\t<a href='https:\/\/comitati.fisi.org\/friuli-venezia-giulia\/blog\/2019\/11\/22\/i-campionati-isontini-transfrontalieri-compiono-16-anni\/biathlon-2020-astrid-plosch\/'><img loading=\"lazy\" decoding=\"async\" width=\"150\" height=\"150\" src=\"https:\/\/comitati.fisi.org\/friuli-venezia-giulia\/wp-content\/uploads\/sites\/34\/2019\/11\/BIATHLON-2020-Astrid-Plosch-150x150.jpg\" class=\"attachment-thumbnail size-thumbnail\" alt=\"\" aria-describedby=\"gallery-1-62776\" srcset=\"https:\/\/comitati.fisi.org\/friuli-venezia-giulia\/wp-content\/uploads\/sites\/34\/2019\/11\/BIATHLON-2020-Astrid-Plosch-150x150.jpg 150w, https:\/\/comitati.fisi.org\/friuli-venezia-giulia\/wp-content\/uploads\/sites\/34\/2019\/11\/BIATHLON-2020-Astrid-Plosch.jpg 299w\" sizes=\"(max-width: 150px) 100vw, 150px\" \/><\/a>\n\t\t\t<\/dt>\n\t\t\t\t<dd class='wp-caption-text gallery-caption' id='gallery-1-62776'>\n\t\t\t\tASTRID PL\u00d6SCH\nWeissenfels\n\t\t\t\t<\/dd><\/dl>\n\t\t\t\n\t\t<\/div>\n\n<p><strong>SQUADRA OSSERVATI<br \/>\n<\/strong><\/p>\n<div id='gallery-2' class='gallery galleryid-74894 gallery-columns-4 gallery-size-thumbnail'><dl class='gallery-item'>\n\t\t\t<dt class='gallery-icon portrait'>\n\t\t\t\t<a href='https:\/\/comitati.fisi.org\/friuli-venezia-giulia\/blog\/2019\/11\/22\/i-campionati-isontini-transfrontalieri-compiono-16-anni\/biathlon-2020-mattia-pittin\/'><img loading=\"lazy\" decoding=\"async\" width=\"150\" height=\"150\" src=\"https:\/\/comitati.fisi.org\/friuli-venezia-giulia\/wp-content\/uploads\/sites\/34\/2019\/11\/BIATHLON-2020-Mattia-Pittin-150x150.jpg\" class=\"attachment-thumbnail size-thumbnail\" alt=\"\" aria-describedby=\"gallery-2-62802\" srcset=\"https:\/\/comitati.fisi.org\/friuli-venezia-giulia\/wp-content\/uploads\/sites\/34\/2019\/11\/BIATHLON-2020-Mattia-Pittin-150x150.jpg 150w, https:\/\/comitati.fisi.org\/friuli-venezia-giulia\/wp-content\/uploads\/sites\/34\/2019\/11\/BIATHLON-2020-Mattia-Pittin.jpg 300w\" sizes=\"(max-width: 150px) 100vw, 150px\" \/><\/a>\n\t\t\t<\/dt>\n\t\t\t\t<dd class='wp-caption-text gallery-caption' id='gallery-2-62802'>\n\t\t\t\tMATTIA PITTIN\nMonte Coglians\n\t\t\t\t<\/dd><\/dl><dl class='gallery-item'>\n\t\t\t<dt class='gallery-icon landscape'>\n\t\t\t\t<a href='https:\/\/comitati.fisi.org\/friuli-venezia-giulia\/blog\/2019\/11\/22\/i-campionati-isontini-transfrontalieri-compiono-16-anni\/biathlon-2020-gaia-vidale\/'><img loading=\"lazy\" decoding=\"async\" width=\"150\" height=\"150\" src=\"https:\/\/comitati.fisi.org\/friuli-venezia-giulia\/wp-content\/uploads\/sites\/34\/2019\/11\/BIATHLON-2020-Gaia-Vidale-150x150.jpg\" class=\"attachment-thumbnail size-thumbnail\" alt=\"\" aria-describedby=\"gallery-2-62786\" srcset=\"https:\/\/comitati.fisi.org\/friuli-venezia-giulia\/wp-content\/uploads\/sites\/34\/2019\/11\/BIATHLON-2020-Gaia-Vidale-150x150.jpg 150w, https:\/\/comitati.fisi.org\/friuli-venezia-giulia\/wp-content\/uploads\/sites\/34\/2019\/11\/BIATHLON-2020-Gaia-Vidale.jpg 300w\" sizes=\"(max-width: 150px) 100vw, 150px\" \/><\/a>\n\t\t\t<\/dt>\n\t\t\t\t<dd class='wp-caption-text gallery-caption' id='gallery-2-62786'>\n\t\t\t\tGAIA VIDALE\nMonte Coglians\n\t\t\t\t<\/dd><\/dl>\n\t\t\t\n\t\t<\/div>\n\n<p><strong>CORPI MILITARI<br \/>\n<\/strong><\/p>\n\n<p><em><strong>(in copertina Gaia Vidale)<\/strong><\/em><\/p>\n","protected":false},"excerpt":{"rendered":"<p>Il programma prevede sabato 6 febbraio la mass start, domenica 7 la sprint<\/p>\n","protected":false},"author":4,"featured_media":73686,"comment_status":"closed","ping_status":"closed","sticky":false,"template":"","format":"standard","meta":{"_acf_changed":false,"footnotes":""},"categories":[13,10],"tags":[],"acf":[],"_links":{"self":[{"href":"https:\/\/comitati.fisi.org\/friuli-venezia-giulia\/wp-json\/wp\/v2\/posts\/74894"}],"collection":[{"href":"https:\/\/comitati.fisi.org\/friuli-venezia-giulia\/wp-json\/wp\/v2\/posts"}],"about":[{"href":"https:\/\/comitati.fisi.org\/friuli-venezia-giulia\/wp-json\/wp\/v2\/types\/post"}],"author":[{"embeddable":true,"href":"https:\/\/comitati.fisi.org\/friuli-venezia-giulia\/wp-json\/wp\/v2\/users\/4"}],"replies":[{"embeddable":true,"href":"https:\/\/comitati.fisi.org\/friuli-venezia-giulia\/wp-json\/wp\/v2\/comments?post=74894"}],"version-history":[{"count":0,"href":"https:\/\/comitati.fisi.org\/friuli-venezia-giulia\/wp-json\/wp\/v2\/posts\/74894\/revisions"}],"wp:featuredmedia":[{"embeddable":true,"href":"https:\/\/comitati.fisi.org\/friuli-venezia-giulia\/wp-json\/wp\/v2\/media\/73686"}],"wp:attachment":[{"href":"https:\/\/comitati.fisi.org\/friuli-venezia-giulia\/wp-json\/wp\/v2\/media?parent=74894"}],"wp:term":[{"taxonomy":"category","embeddable":true,"href":"https:\/\/comitati.fisi.org\/friuli-venezia-giulia\/wp-json\/wp\/v2\/categories?post=74894"},{"taxonomy":"post_tag","embeddable":true,"href":"https:\/\/comitati.fisi.org\/friuli-venezia-giulia\/wp-json\/wp\/v2\/tags?post=74894"}],"curies":[{"name":"wp","href":"https:\/\/api.w.org\/{rel}","templated":true}]}}