{"id":74889,"date":"2021-02-01T10:32:03","date_gmt":"2021-02-01T09:32:03","guid":{"rendered":"https:\/\/www.fisifvg.org\/?p=74889"},"modified":"2021-02-01T10:32:03","modified_gmt":"2021-02-01T09:32:03","slug":"la-prima-volta-in-coppa-europa-per-andrea-craievich","status":"publish","type":"post","link":"https:\/\/comitati.fisi.org\/friuli-venezia-giulia\/blog\/2021\/02\/01\/la-prima-volta-in-coppa-europa-per-andrea-craievich\/","title":{"rendered":"La prima volta in Coppa Europa per Andrea Craievich"},"content":{"rendered":"<p>Grandi notizie per Andrea Craievich e lo Sci Club 70.<\/p>\n<p>La 21enne di Sistiana \u00e8 stata convocata per i due giganti di Coppa Europa in programma marted\u00ec 2 e mercoled\u00ec 3 febbraio a Krvavec, in Slovenia.<\/p>\n<p>Per la sciatrice allenata da Dario Della Libera si tratter\u00e0 dell&#8217;esordio assoluto nel secondo circuito per importanza dello sci internazionale.<\/p>\n<p>Andrea ha ottenuto il pass per l&#8217;appuntamento continentale grazie alle belle prestazioni messe in mostra in questa prima parte della stagione.<\/p>\n","protected":false},"excerpt":{"rendered":"<p>La 21enne di Sistiana \u00e8 stata convocata per i due giganti in programma marted\u00ec 2 e mercoled\u00ec 3 febbraio a Krvavec, in Slovenia<\/p>\n","protected":false},"author":4,"featured_media":65445,"comment_status":"closed","ping_status":"closed","sticky":false,"template":"","format":"standard","meta":{"_acf_changed":false,"footnotes":""},"categories":[10,15],"tags":[],"acf":[],"_links":{"self":[{"href":"https:\/\/comitati.fisi.org\/friuli-venezia-giulia\/wp-json\/wp\/v2\/posts\/74889"}],"collection":[{"href":"https:\/\/comitati.fisi.org\/friuli-venezia-giulia\/wp-json\/wp\/v2\/posts"}],"about":[{"href":"https:\/\/comitati.fisi.org\/friuli-venezia-giulia\/wp-json\/wp\/v2\/types\/post"}],"author":[{"embeddable":true,"href":"https:\/\/comitati.fisi.org\/friuli-venezia-giulia\/wp-json\/wp\/v2\/users\/4"}],"replies":[{"embeddable":true,"href":"https:\/\/comitati.fisi.org\/friuli-venezia-giulia\/wp-json\/wp\/v2\/comments?post=74889"}],"version-history":[{"count":0,"href":"https:\/\/comitati.fisi.org\/friuli-venezia-giulia\/wp-json\/wp\/v2\/posts\/74889\/revisions"}],"wp:featuredmedia":[{"embeddable":true,"href":"https:\/\/comitati.fisi.org\/friuli-venezia-giulia\/wp-json\/wp\/v2\/media\/65445"}],"wp:attachment":[{"href":"https:\/\/comitati.fisi.org\/friuli-venezia-giulia\/wp-json\/wp\/v2\/media?parent=74889"}],"wp:term":[{"taxonomy":"category","embeddable":true,"href":"https:\/\/comitati.fisi.org\/friuli-venezia-giulia\/wp-json\/wp\/v2\/categories?post=74889"},{"taxonomy":"post_tag","embeddable":true,"href":"https:\/\/comitati.fisi.org\/friuli-venezia-giulia\/wp-json\/wp\/v2\/tags?post=74889"}],"curies":[{"name":"wp","href":"https:\/\/api.w.org\/{rel}","templated":true}]}}