{"id":74822,"date":"2021-01-31T11:48:16","date_gmt":"2021-01-31T10:48:16","guid":{"rendered":"https:\/\/www.fisifvg.org\/?p=74822"},"modified":"2021-01-31T11:48:16","modified_gmt":"2021-01-31T10:48:16","slug":"che-brava-mara-martini-e-sesta-nellindividuale-di-coppa-del-mondo-di-ski-alp","status":"publish","type":"post","link":"https:\/\/comitati.fisi.org\/friuli-venezia-giulia\/blog\/2021\/01\/31\/che-brava-mara-martini-e-sesta-nellindividuale-di-coppa-del-mondo-di-ski-alp\/","title":{"rendered":"Che brava Mara Martini, \u00e8 sesta nell&#8217;individuale di Coppa del Mondo di ski alp"},"content":{"rendered":"<p>Gran sesto posto per Mara Martini nella prova individuale di Coppa del Mondo di sci alpinismo a Verbier, in Svizzera.<\/p>\n<p>Reduce dalla nona posizione ottenuta venerd\u00ec nel vertical, un grande risultato nella specialit\u00e0 che gradisce di meno, la clautana oggi \u00e8 stata autrice di un&#8217;altra ottima prestazione nella gara vinta dalla francese Axelle Mollaret davanti alla svedese Tove Alexandersson e all&#8217;azzurra Alba De Silvestro, risultato che conferma la sua condizione, una bella notizia ricordando il serio infortunio dello scorso marzo.<\/p>\n<p>In crescendo la prestazione della 23enne del Bachmann Sport College, lo conferma il fatto che a met\u00e0 gara era decima.<\/p>\n<p><a href=\"https:\/\/live.mso-chrono.com\/live\/glive\/g-live.html?f=..\/2021\/verbier-ismf-world-cup-individual-race\/IndividualRace.clax\">CLASSIFICA<\/a><\/p>\n","protected":false},"excerpt":{"rendered":"<p>A Verbier la clautana conferma la sua ottima condizione<\/p>\n","protected":false},"author":4,"featured_media":65685,"comment_status":"closed","ping_status":"closed","sticky":false,"template":"","format":"standard","meta":{"_acf_changed":false,"footnotes":""},"categories":[10,19],"tags":[],"acf":[],"_links":{"self":[{"href":"https:\/\/comitati.fisi.org\/friuli-venezia-giulia\/wp-json\/wp\/v2\/posts\/74822"}],"collection":[{"href":"https:\/\/comitati.fisi.org\/friuli-venezia-giulia\/wp-json\/wp\/v2\/posts"}],"about":[{"href":"https:\/\/comitati.fisi.org\/friuli-venezia-giulia\/wp-json\/wp\/v2\/types\/post"}],"author":[{"embeddable":true,"href":"https:\/\/comitati.fisi.org\/friuli-venezia-giulia\/wp-json\/wp\/v2\/users\/4"}],"replies":[{"embeddable":true,"href":"https:\/\/comitati.fisi.org\/friuli-venezia-giulia\/wp-json\/wp\/v2\/comments?post=74822"}],"version-history":[{"count":0,"href":"https:\/\/comitati.fisi.org\/friuli-venezia-giulia\/wp-json\/wp\/v2\/posts\/74822\/revisions"}],"wp:featuredmedia":[{"embeddable":true,"href":"https:\/\/comitati.fisi.org\/friuli-venezia-giulia\/wp-json\/wp\/v2\/media\/65685"}],"wp:attachment":[{"href":"https:\/\/comitati.fisi.org\/friuli-venezia-giulia\/wp-json\/wp\/v2\/media?parent=74822"}],"wp:term":[{"taxonomy":"category","embeddable":true,"href":"https:\/\/comitati.fisi.org\/friuli-venezia-giulia\/wp-json\/wp\/v2\/categories?post=74822"},{"taxonomy":"post_tag","embeddable":true,"href":"https:\/\/comitati.fisi.org\/friuli-venezia-giulia\/wp-json\/wp\/v2\/tags?post=74822"}],"curies":[{"name":"wp","href":"https:\/\/api.w.org\/{rel}","templated":true}]}}