{"id":74679,"date":"2021-01-29T10:57:22","date_gmt":"2021-01-29T09:57:22","guid":{"rendered":"https:\/\/www.fisifvg.org\/?p=74679"},"modified":"2021-01-29T10:57:22","modified_gmt":"2021-01-29T09:57:22","slug":"un-francobollo-e-t-shirt-in-edizione-limitata-per-celebrare-i-100-anni-della-fisi","status":"publish","type":"post","link":"https:\/\/comitati.fisi.org\/friuli-venezia-giulia\/blog\/2021\/01\/29\/un-francobollo-e-t-shirt-in-edizione-limitata-per-celebrare-i-100-anni-della-fisi\/","title":{"rendered":"Un francobollo e t-shirt in edizione limitata per celebrare i 100 anni della FISI"},"content":{"rendered":"<p><em><strong>Proponiamo una comunicazione agli sci club da parte del presidente della FISI Flavio Roda.<\/p>\n<p><\/strong><\/em><\/p>\n<p>Gentilissimi,<br \/>\nil 2020 \u00e8 stato l&#8217;anno che ha cambiato in un attimo le vite di tutti noi, modificando significativamente la nostra quotidianit\u00e0 e le nostre attivit\u00e0 con conseguenze significative anche dal lato finanziario.<br \/>\nA tal proposito, la Federazione ha attuato le politiche necessarie a supportare, anche se parzialmente, le gravi carenze economiche che tutto il nostro comparto sta sopportando.<br \/>\nMa il 2020 \u00e8 stato anche l&#8217;anno del centenario della FISI, che abbiamo celebrato con alcune delle tante iniziative, a suo tempo programmate, e che non abbiamo potuto attuare completamente.<br \/>\nTra quelle che siamo riusciti a concretizzare, sono a indicarne due che fanno s\u00ec che il ricordo di questo importante evento resti ed entri nella storia federale.<br \/>\nMi riferisco all&#8217;emissione di un <strong>francobollo celebrativo<\/strong>, <strong>in edizione numerata,<\/strong> che ho il piacere di inviarvi e che rimarr\u00e0 a imperitura memoria nella vita della nostra Federazione.<\/p>\n<p>Inoltre, anche Basic Italia, sponsor federale che ci affianca da anni, ha voluto ricordare il centenario FISI producendo delle <strong>t-shirt celebrative in edizione limitata<\/strong> raffiguranti alcuni dei grandi atleti che fanno parte della Hall of Fame della Coppa del Mondo: Gustavo Thoeni, Piero Gros, Alberto Tomba, Federica Brignone, che hanno aderito volentieri all&#8217;iniziativa cedendo, allo scopo, la propria immagine.<\/p>\n<p>Sono certo di fare cosa gradita comunicandovi che, qualora lo desideraste, \u00e8 possibile acquistarle direttamente online tramite i canali <a href=\"http:\/\/www.kappa.com\">www.kappa.com<\/a> e <a href=\"http:\/\/www.kappa.com\">www.kappastore.com<\/a>. D&#8217;accordo con gli atleti riportati in effige, il ricavato verr\u00e0 devoluto a una Associazione benefica indicata dagli stessi. Ci\u00f2 a significare che la Federazione ei suoi atleti, pur nella difficolt\u00e0 del momento, si schierano comunque in favore di chi pi\u00f9 necessita di solidariet\u00e0.<br \/>\nCerto, l&#8217;anno appena iniziato ci vedr\u00e0 ancora tutti combattere per la salute e per il lavoro, ma sono sicuro che l&#8217;impegno e la tenacia con cui affronteremo il prossimo futuro non potranno che essere degnamente ripagati. In questa ottica, auguro a tutti una ripresa dell&#8217;attivit\u00e0, sempre con le dovute e necessarie prescrizioni di sicurezza.<\/p>\n<p><strong>FLAVIO RODA<\/strong><\/p>\n","protected":false},"excerpt":{"rendered":"<p>Proponiamo una comunicazione agli sci club da parte del presidente Flavio Roda<\/p>\n","protected":false},"author":4,"featured_media":70877,"comment_status":"closed","ping_status":"closed","sticky":false,"template":"","format":"standard","meta":{"_acf_changed":false,"footnotes":""},"categories":[21,10,17],"tags":[],"acf":[],"_links":{"self":[{"href":"https:\/\/comitati.fisi.org\/friuli-venezia-giulia\/wp-json\/wp\/v2\/posts\/74679"}],"collection":[{"href":"https:\/\/comitati.fisi.org\/friuli-venezia-giulia\/wp-json\/wp\/v2\/posts"}],"about":[{"href":"https:\/\/comitati.fisi.org\/friuli-venezia-giulia\/wp-json\/wp\/v2\/types\/post"}],"author":[{"embeddable":true,"href":"https:\/\/comitati.fisi.org\/friuli-venezia-giulia\/wp-json\/wp\/v2\/users\/4"}],"replies":[{"embeddable":true,"href":"https:\/\/comitati.fisi.org\/friuli-venezia-giulia\/wp-json\/wp\/v2\/comments?post=74679"}],"version-history":[{"count":0,"href":"https:\/\/comitati.fisi.org\/friuli-venezia-giulia\/wp-json\/wp\/v2\/posts\/74679\/revisions"}],"wp:featuredmedia":[{"embeddable":true,"href":"https:\/\/comitati.fisi.org\/friuli-venezia-giulia\/wp-json\/wp\/v2\/media\/70877"}],"wp:attachment":[{"href":"https:\/\/comitati.fisi.org\/friuli-venezia-giulia\/wp-json\/wp\/v2\/media?parent=74679"}],"wp:term":[{"taxonomy":"category","embeddable":true,"href":"https:\/\/comitati.fisi.org\/friuli-venezia-giulia\/wp-json\/wp\/v2\/categories?post=74679"},{"taxonomy":"post_tag","embeddable":true,"href":"https:\/\/comitati.fisi.org\/friuli-venezia-giulia\/wp-json\/wp\/v2\/tags?post=74679"}],"curies":[{"name":"wp","href":"https:\/\/api.w.org\/{rel}","templated":true}]}}