{"id":74656,"date":"2021-01-29T09:50:09","date_gmt":"2021-01-29T08:50:09","guid":{"rendered":"https:\/\/www.fisifvg.org\/?p=74656"},"modified":"2021-01-29T09:50:09","modified_gmt":"2021-01-29T08:50:09","slug":"autorizzazione-organizzazione-gare-calendari-regionali-nuove-disposizioni-dal-1-febbraio","status":"publish","type":"post","link":"https:\/\/comitati.fisi.org\/friuli-venezia-giulia\/blog\/2021\/01\/29\/autorizzazione-organizzazione-gare-calendari-regionali-nuove-disposizioni-dal-1-febbraio\/","title":{"rendered":"Autorizzazione organizzazione gare calendari regionali: nuove disposizioni dal 1\u00b0 febbraio"},"content":{"rendered":"<p><em>Proponiamo la comunicazione del Presidente della FISI Flavio Roda avente per tema<span style=\"color: #000000\"> &#8220;<\/span><span style=\"color: #000000\"><b>Autorizzazione Organizzazione Gare Calendari Regionali &#8211; NUOVE DISPOSIZIONI dal 1\u00b0 febbraio 2021&#8243;<\/b><\/span><\/em><\/p>\n<ol>\n<li><span style=\"font-weight: 400\"> Ogni Comitato Regionale potr\u00e0 prevedere l\u2019organizzazione di un numero massimo di gare per\u00a0 circoscrizione\/provincia \u2013 2 per categoria Cuccioli o categoria equivalente \u2013 3 per categoria\u00a0 Allievi\/Ragazzi o categorie equivalenti \u2013 2 per categoria Giovani e Senior o categorie equivalenti\u00a0 \u2013 2 per categoria Master o categorie equivalenti alle quali non potr\u00e0 essere abbinata la categoria\u00a0 Giovani e Senior;\u00a0\u00a0<\/span><\/li>\n<\/ol>\n<p><strong><span style=\"color: #000000\">REVOCATO \u2013 ogni Comitato Regionale \u00e8 tenuto al rispetto del numero massimo di competizioni\u00a0 previste da Agenda Sport Invernali e relativi regolamenti regionali.<\/span><\/strong><\/p>\n<ol start=\"2\">\n<li><span style=\"font-weight: 400\"> Ogni Comitato Regionale potr\u00e0 inoltre prevedere l\u2019organizzazione di gare RQ_CHI \u201cGare\u00a0 Regionali di Qualificazione Children\u201d per la disciplina Sci Alpino nel numero di uno Slalom e di\u00a0 uno Slalom Gigante rispettivamente per le categorie Allievi e Ragazzi che saranno utili per\u00a0 qualificazione all\u2019Alpe Cimbra e OPA CUP U16;\u00a0<\/span><\/li>\n<\/ol>\n<p><strong><span style=\"color: #000000\">REVOCATO \u2013 ogni Comitato Regionale \u00e8 tenuto al rispetto del numero massimo di competizioni\u00a0 previste da Agenda Sport Invernali e relativi regolamenti regionali.<\/span><\/strong><\/p>\n<ol start=\"3\">\n<li><span style=\"font-weight: 400\"> Per tutte le manifestazioni di calendario regionale delle categorie Cuccioli, Children, Giovani, Senior, Master \u00e8 consentito lo svolgimento di una sola gara nella stessa giornata, non sono\u00a0 consentite pi\u00f9 gare nello stesso giorno anche se di specialit\u00e0 diverse;\u00a0<\/span><\/li>\n<\/ol>\n<p><span style=\"color: #000000\"><strong>REVOCATO \u2013 ogni Comitato Regionale \u00e8 tenuto al rispetto del numero massimo di competizioni al giorno previste da Agenda Sport Invernali e relativi regolamenti regionali.<\/strong><\/span><\/p>\n<ol start=\"4\">\n<li><span style=\"font-weight: 400\"> Per tutte le gare di calendario nazionale Master \u00e8 consentito lo svolgimento di una sola gara nella stessa giornata, non sono consentite pi\u00f9 gare nello stesso giorno anche se di specialit\u00e0\u00a0 diverse;\u00a0<\/span><\/li>\n<\/ol>\n<p><span style=\"color: #000000\"><strong>REVOCATO \u2013 \u00e8 consentito lo svolgimento delle manifestazioni nel numero giornaliero consentito,\u00a0 secondo il calendario programmato e le disposizioni in Agenda degli Sport Invernali.<\/strong><\/span><\/p>\n<ol start=\"5\">\n<li><span style=\"font-weight: 400\"> Per ogni giornata gara viene fissato un limite massimo pari a 120 partecipanti secondo le\u00a0 priorit\u00e0 indicate dai singoli Comitati;\u00a0<\/span><\/li>\n<\/ol>\n<p><strong>Il limite di partecipanti viene fissato a <span style=\"color: #ff0000\">150<\/span> \u2013 inteso per singola categoria o per gruppo di\u00a0 categorie che gareggiano a seguire sulla stessa pista \u2013 \u00e8 possibile prevedere orari di partenza distinti per consentire la partecipazione di pi\u00f9 categorie nella stessa localit\u00e0 e nella stessa giornata se non \u00e8 possibile rispettare il limite massimo totale dei 150 partecipanti (esempio una categoria da 150 al mattino e una categoria da 150 al pomeriggio).\u00a0<\/strong><\/p>\n<ol start=\"6\">\n<li><span style=\"font-weight: 400\"> Viene, altres\u00ec, favorita la programmazione in giornate diverse al fine di limitare\u00a0 assembramenti; tenendo conto delle disposizioni di accesso e utilizzo degli impianti di risalita\u00a0 dovranno essere previsti, se necessario, accessi contingentati con la conseguenza di prevedere\u00a0 ricognizioni e partenze separate per le diverse categorie al fine di consentire una fruizione snella\u00a0 ed organizzata di impianti e di piste;\u00a0<\/span><\/li>\n<\/ol>\n<p><strong>Disposizione mantenuta \u2013 obbligo di osservare le disposizioni del Protocollo gare federali \u2013 svolgimento delle manifestazioni a porte chiuse \u2013 no presenza di pubblico.<\/strong><\/p>\n<ol start=\"7\">\n<li><span style=\"font-weight: 400\"> Le categorie di cui sotto, necessitando obbligatoriamente dell\u2019accompagnamento dei minori\u00a0 alle gare, verranno autorizzate in una fase successiva, alla luce della programmazione delle manifestazioni nazionali previste a partire dal mese di febbraio:\u00a0<\/span><\/li>\n<\/ol>\n<p>Biathlon U9 BABY\u00a0\u00a0<em>01\/01\/2012 \u2013 31\/12\/2013<\/em><\/p>\n<p>Snowboard BABY\u00a0\u00a0<em>01\/01\/2012 \u2013 31\/12\/2013<\/em><\/p>\n<p>Freestyle BABY\u00a0<em>\u00a001\/01\/2012 \u2013 31\/12\/2013<\/em><\/p>\n<p>Slittino BABY SCHULER\u00a0\u00a0<em>01\/01\/2013 \u2013 31\/12\/2014<\/em><\/p>\n<p>Sci di fondo e Skiroll U8 SUPER BABY\u00a0 \u00a0<em>01\/01\/2013 \u2013 31\/12\/2014<\/em><br \/>\nSci di fondo e Skiroll U10 BABY\u00a0\u00a0<em>01\/01\/2011 \u2013 31\/12\/2012<\/em><\/p>\n<p>Sci alpino U7 SUPER BABY 1\u00a0\u00a0<em>01\/01\/2014 \u2013 31\/12\/2014<\/em><br \/>\nSci alpino U8 SUPER BABY 2\u00a0\u00a0<em>01\/01\/2013 \u2013 31\/12\/2013<\/em><br \/>\nSci alpino U9 BABY 1\u00a0\u00a0<em>01\/01\/2012 \u2013 31\/12\/2012<\/em><br \/>\nSci alpino U10 BABY 2\u00a0<em>\u00a001\/01\/2011 \u2013 31\/12\/2011<\/em><\/p>\n<p>Salto con gli sci U8\u00a0\u00a0<em>01\/01\/2013 \u2013 31\/12\/2014<\/em><br \/>\nSalto con gli sci U10\u00a0\u00a0<em>01\/01\/2011 \u2013 31\/12\/2012<\/em><\/p>\n<p>Combinata Nordica U8\u00a0\u00a0<em>01\/01\/2013 \u2013 31\/12\/2014<\/em><br \/>\nCombinata Nordica U10\u00a0<em>\u00a001\/01\/2011 \u2013 31\/12\/2012<\/em><\/p>\n<p><strong>REVOCATO \u2013 Le categorie sono autorizzate allo svolgimento di competizioni a partire dal 1\u00b0 febbraio 2021.<\/strong><\/p>\n<p><span style=\"font-weight: 400\">\u00a0<\/span><\/p>\n","protected":false},"excerpt":{"rendered":"<p>Importante comunicazione dal Presidente della FISI Flavio Roda<\/p>\n","protected":false},"author":4,"featured_media":69662,"comment_status":"closed","ping_status":"closed","sticky":false,"template":"","format":"standard","meta":{"_acf_changed":false,"footnotes":""},"categories":[21,10,17],"tags":[],"acf":[],"_links":{"self":[{"href":"https:\/\/comitati.fisi.org\/friuli-venezia-giulia\/wp-json\/wp\/v2\/posts\/74656"}],"collection":[{"href":"https:\/\/comitati.fisi.org\/friuli-venezia-giulia\/wp-json\/wp\/v2\/posts"}],"about":[{"href":"https:\/\/comitati.fisi.org\/friuli-venezia-giulia\/wp-json\/wp\/v2\/types\/post"}],"author":[{"embeddable":true,"href":"https:\/\/comitati.fisi.org\/friuli-venezia-giulia\/wp-json\/wp\/v2\/users\/4"}],"replies":[{"embeddable":true,"href":"https:\/\/comitati.fisi.org\/friuli-venezia-giulia\/wp-json\/wp\/v2\/comments?post=74656"}],"version-history":[{"count":0,"href":"https:\/\/comitati.fisi.org\/friuli-venezia-giulia\/wp-json\/wp\/v2\/posts\/74656\/revisions"}],"wp:featuredmedia":[{"embeddable":true,"href":"https:\/\/comitati.fisi.org\/friuli-venezia-giulia\/wp-json\/wp\/v2\/media\/69662"}],"wp:attachment":[{"href":"https:\/\/comitati.fisi.org\/friuli-venezia-giulia\/wp-json\/wp\/v2\/media?parent=74656"}],"wp:term":[{"taxonomy":"category","embeddable":true,"href":"https:\/\/comitati.fisi.org\/friuli-venezia-giulia\/wp-json\/wp\/v2\/categories?post=74656"},{"taxonomy":"post_tag","embeddable":true,"href":"https:\/\/comitati.fisi.org\/friuli-venezia-giulia\/wp-json\/wp\/v2\/tags?post=74656"}],"curies":[{"name":"wp","href":"https:\/\/api.w.org\/{rel}","templated":true}]}}