{"id":74602,"date":"2021-01-29T16:03:55","date_gmt":"2021-01-29T15:03:55","guid":{"rendered":"https:\/\/www.fisifvg.org\/?p=74602"},"modified":"2021-01-29T16:03:55","modified_gmt":"2021-01-29T15:03:55","slug":"combinata-niente-punti-di-coppa-del-mondo-a-seefeld-per-buzzi-e-pittin","status":"publish","type":"post","link":"https:\/\/comitati.fisi.org\/friuli-venezia-giulia\/blog\/2021\/01\/29\/combinata-niente-punti-di-coppa-del-mondo-a-seefeld-per-buzzi-e-pittin\/","title":{"rendered":"Combinata, niente punti di Coppa del Mondo a Seefeld per Buzzi e Pittin"},"content":{"rendered":"<p>Ha preso il via oggi la tre giorni di Coppa del Mondo di combinata nordica a Seefeld in Austria, non fortunata per i due FVG presenti.<\/p>\n<p>Le instabili condizioni del vento hnno costretto gli organizzatori a sospendere e cancellare il salto dal trampolino HS109. Per questo motivo \u00e8 stato tenuto valido il Provisional Competition Round cominciato gioved\u00ec e chiuso nella mattinata di venerd\u00ec, che ha visto chiudere in testa Jarl Magnus Riiber davanti al giapponese Akito Watabe e al norvegese Esen Bjoernstad: Raffaele Buzzi\u00a0era 39\u00b0 a 2&#8217;37&#8221;, Alessandro Pittin 49\u00b0 a 3&#8217;08&#8221;.<\/p>\n<p>Al termine della 5 km di fondo Buzzi \u00e8 giunto 34\u00b0 a 2&#8217;48&#8243;6 dal vincitore Riiber (al fotofinish su Akito Watabe), Pittin 45\u00b0 a 3&#8217;18&#8221;.<\/p>\n<p>Sabato seconda gara, questa volta sulla distanza di 10 km.<\/p>\n<p><a href=\"https:\/\/www.fis-ski.com\/DB\/general\/results.html?sectorcode=NK&amp;raceid=2582\">CLASSIFICA<\/a><\/p>\n<p>&nbsp;<\/p>\n","protected":false},"excerpt":{"rendered":"<p>Al termine della 5 km di fondo il tarvisiano \u00e8 giunto 34\u00b0 a 2&#8217;48&#8243;6 dal vincitore, il norvegese Riiber, il carnico 45\u00b0 a 3&#8217;18&#8221;<\/p>\n","protected":false},"author":4,"featured_media":73670,"comment_status":"closed","ping_status":"closed","sticky":false,"template":"","format":"standard","meta":{"_acf_changed":false,"footnotes":""},"categories":[14],"tags":[],"acf":[],"_links":{"self":[{"href":"https:\/\/comitati.fisi.org\/friuli-venezia-giulia\/wp-json\/wp\/v2\/posts\/74602"}],"collection":[{"href":"https:\/\/comitati.fisi.org\/friuli-venezia-giulia\/wp-json\/wp\/v2\/posts"}],"about":[{"href":"https:\/\/comitati.fisi.org\/friuli-venezia-giulia\/wp-json\/wp\/v2\/types\/post"}],"author":[{"embeddable":true,"href":"https:\/\/comitati.fisi.org\/friuli-venezia-giulia\/wp-json\/wp\/v2\/users\/4"}],"replies":[{"embeddable":true,"href":"https:\/\/comitati.fisi.org\/friuli-venezia-giulia\/wp-json\/wp\/v2\/comments?post=74602"}],"version-history":[{"count":0,"href":"https:\/\/comitati.fisi.org\/friuli-venezia-giulia\/wp-json\/wp\/v2\/posts\/74602\/revisions"}],"wp:featuredmedia":[{"embeddable":true,"href":"https:\/\/comitati.fisi.org\/friuli-venezia-giulia\/wp-json\/wp\/v2\/media\/73670"}],"wp:attachment":[{"href":"https:\/\/comitati.fisi.org\/friuli-venezia-giulia\/wp-json\/wp\/v2\/media?parent=74602"}],"wp:term":[{"taxonomy":"category","embeddable":true,"href":"https:\/\/comitati.fisi.org\/friuli-venezia-giulia\/wp-json\/wp\/v2\/categories?post=74602"},{"taxonomy":"post_tag","embeddable":true,"href":"https:\/\/comitati.fisi.org\/friuli-venezia-giulia\/wp-json\/wp\/v2\/tags?post=74602"}],"curies":[{"name":"wp","href":"https:\/\/api.w.org\/{rel}","templated":true}]}}