{"id":74598,"date":"2021-01-28T14:55:38","date_gmt":"2021-01-28T13:55:38","guid":{"rendered":"https:\/\/www.fisifvg.org\/?p=74598"},"modified":"2021-01-28T14:55:38","modified_gmt":"2021-01-28T13:55:38","slug":"coppa-del-mondo-combinata-salto-inutile-per-pittin-e-buzzi-a-seefeld","status":"publish","type":"post","link":"https:\/\/comitati.fisi.org\/friuli-venezia-giulia\/blog\/2021\/01\/28\/coppa-del-mondo-combinata-salto-inutile-per-pittin-e-buzzi-a-seefeld\/","title":{"rendered":"Coppa del Mondo combinata, salto inutile per Pittin e Buzzi a Seefeld"},"content":{"rendered":"<p>L&#8217;ultima tappa del mese di gennaio della Coppa del Mondo di combinata si \u00e8 aperta oggi a Seefeld (Austria) con il Provisional Competition Round.<\/p>\n<p>Sul trampolino HS109 hanno saltato i primi 40 pettorali, poi per\u00f2 la giuria ha deciso di fermare tutto a causa di un&#8217;intensa nevicata che stava penalizzando troppo i combinatisti. Lo conferma il fatto che nelle prime otto posizioni si trovavano sette atleti partiti con un pettorale inferiore a 13. Per la cronaca <strong>Alessandro Pittin<\/strong> era 21\u00b0, <strong>Raffaele Buzzi <em>(nella foto)<\/em><\/strong> 27\u00b0.<\/p>\n<p>Tutto cancellato quindi e si ripartir\u00e0 da capo venerd\u00ec mattina. Seguir\u00e0 la prima delle tre gare previste, con diversa distanza: nel primo giorno 5 km, sabato 10 e domenica 15.<\/p>\n<p>&nbsp;<\/p>\n","protected":false},"excerpt":{"rendered":"<p>Il Provisional Competion Round \u00e8 stato interrotto a causa di un&#8217;abbondante nevicata<\/p>\n","protected":false},"author":4,"featured_media":74045,"comment_status":"closed","ping_status":"closed","sticky":false,"template":"","format":"standard","meta":{"_acf_changed":false,"footnotes":""},"categories":[14,10],"tags":[],"acf":[],"_links":{"self":[{"href":"https:\/\/comitati.fisi.org\/friuli-venezia-giulia\/wp-json\/wp\/v2\/posts\/74598"}],"collection":[{"href":"https:\/\/comitati.fisi.org\/friuli-venezia-giulia\/wp-json\/wp\/v2\/posts"}],"about":[{"href":"https:\/\/comitati.fisi.org\/friuli-venezia-giulia\/wp-json\/wp\/v2\/types\/post"}],"author":[{"embeddable":true,"href":"https:\/\/comitati.fisi.org\/friuli-venezia-giulia\/wp-json\/wp\/v2\/users\/4"}],"replies":[{"embeddable":true,"href":"https:\/\/comitati.fisi.org\/friuli-venezia-giulia\/wp-json\/wp\/v2\/comments?post=74598"}],"version-history":[{"count":0,"href":"https:\/\/comitati.fisi.org\/friuli-venezia-giulia\/wp-json\/wp\/v2\/posts\/74598\/revisions"}],"wp:featuredmedia":[{"embeddable":true,"href":"https:\/\/comitati.fisi.org\/friuli-venezia-giulia\/wp-json\/wp\/v2\/media\/74045"}],"wp:attachment":[{"href":"https:\/\/comitati.fisi.org\/friuli-venezia-giulia\/wp-json\/wp\/v2\/media?parent=74598"}],"wp:term":[{"taxonomy":"category","embeddable":true,"href":"https:\/\/comitati.fisi.org\/friuli-venezia-giulia\/wp-json\/wp\/v2\/categories?post=74598"},{"taxonomy":"post_tag","embeddable":true,"href":"https:\/\/comitati.fisi.org\/friuli-venezia-giulia\/wp-json\/wp\/v2\/tags?post=74598"}],"curies":[{"name":"wp","href":"https:\/\/api.w.org\/{rel}","templated":true}]}}