{"id":74586,"date":"2021-01-27T16:19:51","date_gmt":"2021-01-27T15:19:51","guid":{"rendered":"https:\/\/www.fisifvg.org\/?p=74586"},"modified":"2021-01-27T16:19:51","modified_gmt":"2021-01-27T15:19:51","slug":"dopo-20-km-solo-7-decimi-separano-cappellari-e-montello-agli-europei-di-biathlon","status":"publish","type":"post","link":"https:\/\/comitati.fisi.org\/friuli-venezia-giulia\/blog\/2021\/01\/27\/dopo-20-km-solo-7-decimi-separano-cappellari-e-montello-agli-europei-di-biathlon\/","title":{"rendered":"Dopo 20 km solo 7 decimi separano Cappellari e Montello agli Europei di biathlon"},"content":{"rendered":"<p>Dopo 20 km di gara e 4 poligoni, solo 7 decimi hanno separato Daniele Cappellari e Giuseppe Montello nella prova individuale dei Campionati Europei di biathlon di Duszniki Zdroj, in Polonia.<\/p>\n<p>La differenza sta negli errori al poligono, 2 per Cappellari e 4 per Montello, con quest&#8217;ultimo che quindi \u00e8 andato decisamente pi\u00f9 veloce sugli sci (di 2&#8217;20&#8221;). Entrambi i carnici hanno commesso errori nel primo e ultimo poligono, come confermano le sequenze di tiro: 1-0-0-1 per il 23enne scuola Fornese, 2-0-0-2 per il 28enne cresciuto nella Monte Coglians.<\/p>\n<p>La vittoria \u00e8 andata al lettone Andrejs Rastorgujevs (1) con 1&#8217;27&#8221; sul Erlend Bj\u00f8ntegaard (2), entrambi saliti sul podio in Coppa del Mondo, e 1&#8217;41&#8221; sull&#8217;altro norvegese Endre Str\u00f8msheim.<\/p>\n<p>Cappellari \u00e8 giunto 35\u00b0 a 5&#8217;04&#8243;4, Montello 36\u00b0 a 5&#8217;05&#8243;1. Il migliore degli italiani \u00e8 stato Patrick Braunhofer (2), 31\u00b0 a 4&#8217;37&#8243;8.<\/p>\n<p><a href=\"https:\/\/www.fisifvg.org\/2021\/01\/27\/eleonora-fauner-61a-nella-15-km-individuale-dei-campionati-europei-di-biathlon\/\">In precedenza Eleonora Fauner si era piazzata 61a nella 15 km femminile<\/a>.<\/p>\n<p>Gli Europei proseguono venerd\u00ec con le sprint: alle 10.30 la 7.5 km femminile, alle 14 la 10 km maschile.<\/p>\n<p><a href=\"https:\/\/www.biathlonworld.com\/competitions\/open-european-championship\/events\/ibu-open-european-championships-biathlon-duszniki-zdroj-2021\/bt2021sceuch__\/race\/men-20km-individual\/bt2021sceuch__smin\/\">CLASSIFICA INDIVIDUALE MASCHILE<\/a><\/p>\n","protected":false},"excerpt":{"rendered":"<p>Oggi la prova individuale della manifestazione continentale a Duszniki Zdroj, in Polonia<\/p>\n","protected":false},"author":4,"featured_media":56648,"comment_status":"closed","ping_status":"closed","sticky":false,"template":"","format":"standard","meta":{"_acf_changed":false,"footnotes":""},"categories":[13,10],"tags":[],"acf":[],"_links":{"self":[{"href":"https:\/\/comitati.fisi.org\/friuli-venezia-giulia\/wp-json\/wp\/v2\/posts\/74586"}],"collection":[{"href":"https:\/\/comitati.fisi.org\/friuli-venezia-giulia\/wp-json\/wp\/v2\/posts"}],"about":[{"href":"https:\/\/comitati.fisi.org\/friuli-venezia-giulia\/wp-json\/wp\/v2\/types\/post"}],"author":[{"embeddable":true,"href":"https:\/\/comitati.fisi.org\/friuli-venezia-giulia\/wp-json\/wp\/v2\/users\/4"}],"replies":[{"embeddable":true,"href":"https:\/\/comitati.fisi.org\/friuli-venezia-giulia\/wp-json\/wp\/v2\/comments?post=74586"}],"version-history":[{"count":0,"href":"https:\/\/comitati.fisi.org\/friuli-venezia-giulia\/wp-json\/wp\/v2\/posts\/74586\/revisions"}],"wp:featuredmedia":[{"embeddable":true,"href":"https:\/\/comitati.fisi.org\/friuli-venezia-giulia\/wp-json\/wp\/v2\/media\/56648"}],"wp:attachment":[{"href":"https:\/\/comitati.fisi.org\/friuli-venezia-giulia\/wp-json\/wp\/v2\/media?parent=74586"}],"wp:term":[{"taxonomy":"category","embeddable":true,"href":"https:\/\/comitati.fisi.org\/friuli-venezia-giulia\/wp-json\/wp\/v2\/categories?post=74586"},{"taxonomy":"post_tag","embeddable":true,"href":"https:\/\/comitati.fisi.org\/friuli-venezia-giulia\/wp-json\/wp\/v2\/tags?post=74586"}],"curies":[{"name":"wp","href":"https:\/\/api.w.org\/{rel}","templated":true}]}}