{"id":74405,"date":"2021-01-24T13:17:42","date_gmt":"2021-01-24T12:17:42","guid":{"rendered":"https:\/\/www.fisifvg.org\/?p=74405"},"modified":"2021-01-24T13:17:42","modified_gmt":"2021-01-24T12:17:42","slug":"andrea-gartner-campione-italiano-u20-di-fondo-argento-u18-per-gabriele-monteleone","status":"publish","type":"post","link":"https:\/\/comitati.fisi.org\/friuli-venezia-giulia\/blog\/2021\/01\/24\/andrea-gartner-campione-italiano-u20-di-fondo-argento-u18-per-gabriele-monteleone\/","title":{"rendered":"Andrea Gartner campione italiano U20 di fondo, argento U18 per Gabriele Monteleone"},"content":{"rendered":"<p><strong>Splendido successo Juniores-U20 per Andrea Gartner<\/strong> nella prova sprint a tecnica classica dei Campionati Italiani di Clusone, nel bergamasco.<\/p>\n<div id=\"attachment_74417\" style=\"width: 410px\" class=\"wp-caption alignleft\"><a href=\"http:\/\/comitati.fisi.org\/friuli-venezia-giulia\/wp-content\/uploads\/sites\/34\/2021\/01\/WhatsApp-Image-2021-01-24-at-13.25.52-1.jpeg\"><img loading=\"lazy\" decoding=\"async\" aria-describedby=\"caption-attachment-74417\" class=\"wp-image-74417\" src=\"http:\/\/comitati.fisi.org\/friuli-venezia-giulia\/wp-content\/uploads\/sites\/34\/2021\/01\/WhatsApp-Image-2021-01-24-at-13.25.52-1-400x400.jpeg\" alt=\"\" width=\"400\" height=\"300\" \/><\/a><p id=\"caption-attachment-74417\" class=\"wp-caption-text\">Gartner e Monteleone con l&#8217;allenatore responsabile della squadra di Comitato Nicola Selenati<\/p><\/div>\n<p>Il 19enne della squadra FISI FVG, scuola Bachmann e ora tesserato con il Gs Fiamme Gialle, si \u00e8 imposto nettamente nella finale dopo aver ottenuto il sesto tempo in qualifica.<br \/>\nUn grande risultato per il tarvisiano e per il movimento del fondo FVG.<br \/>\nLuca Sclisizzo \u00e8 uscito ai quarti, piazzandosi 20\u00b0.<\/p>\n<p>&nbsp;<\/p>\n<p>Ma non \u00e8 stato il solo podio, perch\u00e9 negli Aspiranti-U18 \u00e8 arrivato lo <strong>splendido argento di Gabriele Monteleone del Bachmann,<\/strong> battuto solo dal piemontese Samuele Giraudo. Monteleone si \u00e8 scatenato nelle batterie dopo il 14\u00b0 posto in qualifica. La squadra FISI FVG ha sfiorato un doppio podio, perch\u00e8 Edoardo Buzzi si \u00e8 piazzato quarto, penalizzato da un problema al bastoncino. Ventisettesimo Marco Gaudenzio.<\/p>\n<div id=\"attachment_74419\" style=\"width: 360px\" class=\"wp-caption alignright\"><a href=\"http:\/\/comitati.fisi.org\/friuli-venezia-giulia\/wp-content\/uploads\/sites\/34\/2021\/01\/WhatsApp-Image-2021-01-24-at-13.25.51-1-1.jpeg\"><img loading=\"lazy\" decoding=\"async\" aria-describedby=\"caption-attachment-74419\" class=\"wp-image-74419\" src=\"http:\/\/comitati.fisi.org\/friuli-venezia-giulia\/wp-content\/uploads\/sites\/34\/2021\/01\/WhatsApp-Image-2021-01-24-at-13.25.51-1-1-400x400.jpeg\" alt=\"\" width=\"350\" height=\"290\" \/><\/a><p id=\"caption-attachment-74419\" class=\"wp-caption-text\">Gartner e Monteleone con l&#8217;allenatore del Bachmann Mariano Malfitana<\/p><\/div>\n<p>Nelle Juniores Karin Puntel \u00e8 18a e Caterina Molinari 19a.<\/p>\n<p>Infine le Aspiranti, con Maria Gismondi 15a e Giorgia Romanin 19a.<\/p>\n<p><a href=\"http:\/\/comitati.fisi.org\/friuli-venezia-giulia\/wp-content\/uploads\/sites\/34\/2021\/01\/24-01-2021-17.-Classifica-ufficiale-QUALIFICHE.pdf\">Classifica ufficiale Qualifiche<\/a><br \/>\n<a href=\"http:\/\/comitati.fisi.org\/friuli-venezia-giulia\/wp-content\/uploads\/sites\/34\/2021\/01\/Classifica-ufficiosa-tabellone-J_M.pdf\">Classifica Juniores maschile<\/a><br \/>\n<a href=\"http:\/\/comitati.fisi.org\/friuli-venezia-giulia\/wp-content\/uploads\/sites\/34\/2021\/01\/Classifica-ufficiosa-tabellone-J_F.pdf\">Classifica Juniores femminile<\/a><br \/>\n<a href=\"http:\/\/comitati.fisi.org\/friuli-venezia-giulia\/wp-content\/uploads\/sites\/34\/2021\/01\/Classifica-ufficiosa-tabellone-T_M.pdf\">Classifica Aspiranti maschile<\/a><br \/>\n<a href=\"http:\/\/comitati.fisi.org\/friuli-venezia-giulia\/wp-content\/uploads\/sites\/34\/2021\/01\/Classifica-ufficiosa-tabellone-T_F.pdf\">Classifica Aspiranti femminile<\/a><\/p>\n<p><span style=\"color: #ff0000\"><strong>MEDAGLIE CAMPIONATI ITALIANI ASSOLUTI E GIOVANILI 2020-2021 ATLETI FVG<\/strong><\/span><\/p>\n<p><span style=\"color: #ff9900\"><strong>ORO<br \/>\n<\/strong><\/span>-SARA SCATTOLO\u00a0 Biathlon\u00a0 Inseguimento\u00a0 Giovani<br \/>\n-ANDREA GARTNER\u00a0 Fondo\u00a0 Sprint TC\u00a0 U20<br \/>\n-FRANCESCO CECON\u00a0 Salto\u00a0 Juniores<\/p>\n<p><strong><span style=\"color: #808080\">ARGENTO<br \/>\n<\/span><\/strong>-ASTRID PLOSCH\u00a0 Biathlon\u00a0 Sprint\u00a0 Aspiranti<br \/>\n-ASTRID PLOSCH\u00a0 Biathlon\u00a0 Inseguimento\u00a0 Aspiranti<strong><br \/>\n-ALESSANDRO PITTIN\u00a0 Combinata\u00a0 Assoluti<br \/>\n<\/strong>-DAVIDE GRAZ\u00a0 Fondo\u00a0 Sprint TC\u00a0 U23<strong><br \/>\n<\/strong>-GABRIELE MONTELEONE\u00a0 Fondo\u00a0 Sprint TC\u00a0 U18<strong><br \/>\n-FRANCESCO CECON\u00a0 Salto\u00a0 Assoluti<br \/>\n<\/strong><\/p>\n<p><strong><span style=\"color: #993366\">BRONZO<br \/>\n<\/span><\/strong>-SERENA DEL FABBRO\u00a0 Biathlon\u00a0 Inseguimento\u00a0 Aspiranti<br \/>\n-SARA SCATTOLO\u00a0 Biathlon\u00a0 Sprint\u00a0 Giovani<br \/>\n-MARTINA ZANITZER\u00a0 Combinata\u00a0 Juniores<br \/>\n-MARIA GISMONDI\u00a0 Fondo\u00a0 7.5 km TC\u00a0 U18<br \/>\n-LUCA SCLISIZZO\u00a0 Fondo\u00a0 10 km TC\u00a0 U20<br \/>\n-LUCA SCLISIZZO\u00a0 Fondo\u00a0 10 km TL\u00a0 U20<br \/>\n-CAMILLA COMAZZI\u00a0 Salto\u00a0 Juniores<\/p>\n<p><em><strong>(in neretto i podi assoluti)<\/strong><\/em><\/p>\n","protected":false},"excerpt":{"rendered":"<p>Doppio podio FISI FVG nella sprint a tecnica classica di Clusone<\/p>\n","protected":false},"author":4,"featured_media":74415,"comment_status":"closed","ping_status":"closed","sticky":false,"template":"","format":"standard","meta":{"_acf_changed":false,"footnotes":""},"categories":[10,11],"tags":[],"acf":[],"_links":{"self":[{"href":"https:\/\/comitati.fisi.org\/friuli-venezia-giulia\/wp-json\/wp\/v2\/posts\/74405"}],"collection":[{"href":"https:\/\/comitati.fisi.org\/friuli-venezia-giulia\/wp-json\/wp\/v2\/posts"}],"about":[{"href":"https:\/\/comitati.fisi.org\/friuli-venezia-giulia\/wp-json\/wp\/v2\/types\/post"}],"author":[{"embeddable":true,"href":"https:\/\/comitati.fisi.org\/friuli-venezia-giulia\/wp-json\/wp\/v2\/users\/4"}],"replies":[{"embeddable":true,"href":"https:\/\/comitati.fisi.org\/friuli-venezia-giulia\/wp-json\/wp\/v2\/comments?post=74405"}],"version-history":[{"count":0,"href":"https:\/\/comitati.fisi.org\/friuli-venezia-giulia\/wp-json\/wp\/v2\/posts\/74405\/revisions"}],"wp:featuredmedia":[{"embeddable":true,"href":"https:\/\/comitati.fisi.org\/friuli-venezia-giulia\/wp-json\/wp\/v2\/media\/74415"}],"wp:attachment":[{"href":"https:\/\/comitati.fisi.org\/friuli-venezia-giulia\/wp-json\/wp\/v2\/media?parent=74405"}],"wp:term":[{"taxonomy":"category","embeddable":true,"href":"https:\/\/comitati.fisi.org\/friuli-venezia-giulia\/wp-json\/wp\/v2\/categories?post=74405"},{"taxonomy":"post_tag","embeddable":true,"href":"https:\/\/comitati.fisi.org\/friuli-venezia-giulia\/wp-json\/wp\/v2\/tags?post=74405"}],"curies":[{"name":"wp","href":"https:\/\/api.w.org\/{rel}","templated":true}]}}