{"id":74279,"date":"2021-01-22T15:43:53","date_gmt":"2021-01-22T14:43:53","guid":{"rendered":"https:\/\/www.fisifvg.org\/?p=74279"},"modified":"2021-01-22T15:43:53","modified_gmt":"2021-01-22T14:43:53","slug":"accordo-fisi-fvg-promoturismofvg-impianti-aperti-a-rotazione-per-allenamenti-e-gare","status":"publish","type":"post","link":"https:\/\/comitati.fisi.org\/friuli-venezia-giulia\/blog\/2021\/01\/22\/accordo-fisi-fvg-promoturismofvg-impianti-aperti-a-rotazione-per-allenamenti-e-gare\/","title":{"rendered":"Accordo FISI FVG-PromoturismoFVG: impianti aperti a rotazione per allenamenti e gare"},"content":{"rendered":"<p>Conferma del calendario gare di interesse internazionale e nazionale, di allenamenti a rotazione sui vari poli fino al 15 febbraio e, fino alla stessa data, del calendario regionale con competizioni per le qualificazioni di livello nazionale, mentre sono sospesi i campionati provinciali.<\/p>\n<p>Sono questi i punti concordati tra FISI FVG e PromoTurismoFVG in seguito al Dpcm che sposta al 15 febbraio la possibile apertura degli impianti agli sciatori amatoriali e che permette comunque l\u2019utilizzo delle piste da parte degli atleti di interesse nazionale, come da indicazioni di federazioni del Coni.<\/p>\n<p>Per tutto gennaio e fino a met\u00e0 febbraio, dunque, in attesa delle nuove direttive da parte del Governo in merito all\u2019apertura al pubblico degli impianti sciistici, gli atleti potranno proseguire gli allenamenti in preparazione delle gare.<\/p>\n<p>In questi giorni Fisi e PromoTurismoFVG stanno mettendo a punto il calendario concordato, tenendo conto anche di vincoli e disposizioni che prevedono la presenza di un minimo di 40 atleti per ogni seduta di allenamento e l\u2019apertura ottimizzata a rotazione dei poli.<\/p>\n<p>Grazie all\u2019intesa tra le due realt\u00e0, sar\u00e0 possibile cos\u00ec confermare il calendario di eventi di interesse nazionale e internazionale previsti in regione, auspicando qualche positiva ricaduta sull\u2019indotto delle diverse localit\u00e0 che, volta per volta, ospiteranno gli atleti.<\/p>\n<p>Fino al 15 febbraio sar\u00e0 portato avanti anche il calendario degli eventi regionali (con le gare di calendario regionale ma finalizzate alle qualifiche nazionali) e sono stati invece sospesi i campionati provinciali, non essendo inseriti nelle competizioni di interesse federale e non in linea con il numero massimo di partecipanti previsti dai protocolli Fisi.<\/p>\n","protected":false},"excerpt":{"rendered":"<p>In questi giorni le due realt\u00e0 stanno mettendo a punto il calendario concordato<\/p>\n","protected":false},"author":4,"featured_media":72838,"comment_status":"closed","ping_status":"closed","sticky":false,"template":"","format":"standard","meta":{"_acf_changed":false,"footnotes":""},"categories":[21,10,17],"tags":[],"acf":[],"_links":{"self":[{"href":"https:\/\/comitati.fisi.org\/friuli-venezia-giulia\/wp-json\/wp\/v2\/posts\/74279"}],"collection":[{"href":"https:\/\/comitati.fisi.org\/friuli-venezia-giulia\/wp-json\/wp\/v2\/posts"}],"about":[{"href":"https:\/\/comitati.fisi.org\/friuli-venezia-giulia\/wp-json\/wp\/v2\/types\/post"}],"author":[{"embeddable":true,"href":"https:\/\/comitati.fisi.org\/friuli-venezia-giulia\/wp-json\/wp\/v2\/users\/4"}],"replies":[{"embeddable":true,"href":"https:\/\/comitati.fisi.org\/friuli-venezia-giulia\/wp-json\/wp\/v2\/comments?post=74279"}],"version-history":[{"count":0,"href":"https:\/\/comitati.fisi.org\/friuli-venezia-giulia\/wp-json\/wp\/v2\/posts\/74279\/revisions"}],"wp:featuredmedia":[{"embeddable":true,"href":"https:\/\/comitati.fisi.org\/friuli-venezia-giulia\/wp-json\/wp\/v2\/media\/72838"}],"wp:attachment":[{"href":"https:\/\/comitati.fisi.org\/friuli-venezia-giulia\/wp-json\/wp\/v2\/media?parent=74279"}],"wp:term":[{"taxonomy":"category","embeddable":true,"href":"https:\/\/comitati.fisi.org\/friuli-venezia-giulia\/wp-json\/wp\/v2\/categories?post=74279"},{"taxonomy":"post_tag","embeddable":true,"href":"https:\/\/comitati.fisi.org\/friuli-venezia-giulia\/wp-json\/wp\/v2\/tags?post=74279"}],"curies":[{"name":"wp","href":"https:\/\/api.w.org\/{rel}","templated":true}]}}