{"id":74218,"date":"2021-01-21T19:13:14","date_gmt":"2021-01-21T18:13:14","guid":{"rendered":"https:\/\/www.fisifvg.org\/?p=74218"},"modified":"2021-01-21T19:13:14","modified_gmt":"2021-01-21T18:13:14","slug":"i-risultati-dei-test-alpe-cimbra-e-i-qualificati-per-la-selezione-nazionale","status":"publish","type":"post","link":"https:\/\/comitati.fisi.org\/friuli-venezia-giulia\/blog\/2021\/01\/21\/i-risultati-dei-test-alpe-cimbra-e-i-qualificati-per-la-selezione-nazionale\/","title":{"rendered":"I risultati dei test Alpe Cimbra e i qualificati per la selezione nazionale"},"content":{"rendered":"<p>Si sono svolti sullo Zoncolan (gigante) e a Tarvisio (slalom) i test di qualificazione per la selezione nazionale dell&#8217;Alpe Cimbra (gi\u00e0 Trofeo Topolino), in programma luned\u00ec 25 e marted\u00ec 26 a Folgaria, in Trentino.<\/p>\n<p>Questi i qualificati.<\/p>\n<p><strong>RAGAZZE:<\/strong> Giorgia Menazzi (Lussari), Emma Princi (Lussari), Irene Collautti (Bachmann), Emma Venica (Sc 70), Anna Carboni (Sc 70).<\/p>\n<p><strong>RAGAZZI:<\/strong> Raffaele Sabeddu (XXX Ottobre), Leonardo Ghignoni (Cimenti), Nicola Valdemarin (Monte Canin), Andrea Stipcovich (XXX Ottobre).<\/p>\n<p><strong>ALLIEVE:<\/strong> Ginevra Quinz (Bachmann), Teresa Pascolat (Sc 70), Alice Valdemarin (Monte Canin), Giulia Mizzau (Bachmann), Ginevra Preschern (Bachmann).<\/p>\n<p><strong>ALLIEVI<\/strong>: Mattias Piller Cottrer (Sc Sappada), Raphael Misan (Sc 70), Matteo Fragiacomo (Sc 70), Davide Princi (Lussari).<\/p>\n<p><a href=\"http:\/\/comitati.fisi.org\/friuli-venezia-giulia\/wp-content\/uploads\/sites\/34\/2021\/01\/Tabella-tempi-GIGANTE.pdf\">Tabella tempi GIGANTE<\/a><br \/>\n<a href=\"http:\/\/comitati.fisi.org\/friuli-venezia-giulia\/wp-content\/uploads\/sites\/34\/2021\/01\/Tabella-tempi-SLALOM.pdf\">Tabella tempi SLALOM<\/a><br \/>\n<a href=\"http:\/\/comitati.fisi.org\/friuli-venezia-giulia\/wp-content\/uploads\/sites\/34\/2021\/01\/Classifica-finale-GS-SL-1-1.pdf\">Classifica Finale GIGANTE+SLALOM<\/a><\/p>\n<p><em><strong>(in copertina Giulia Mizzau nello scatto di Carlo Spaliviero)<\/strong><\/em><\/p>\n","protected":false},"excerpt":{"rendered":"<p>La manifestazione \u00e8 in programma luned\u00ec 25 e marted\u00ec 26 a Folgaria, in Trentino<\/p>\n","protected":false},"author":4,"featured_media":74079,"comment_status":"closed","ping_status":"closed","sticky":false,"template":"","format":"standard","meta":{"_acf_changed":false,"footnotes":""},"categories":[15],"tags":[],"acf":[],"_links":{"self":[{"href":"https:\/\/comitati.fisi.org\/friuli-venezia-giulia\/wp-json\/wp\/v2\/posts\/74218"}],"collection":[{"href":"https:\/\/comitati.fisi.org\/friuli-venezia-giulia\/wp-json\/wp\/v2\/posts"}],"about":[{"href":"https:\/\/comitati.fisi.org\/friuli-venezia-giulia\/wp-json\/wp\/v2\/types\/post"}],"author":[{"embeddable":true,"href":"https:\/\/comitati.fisi.org\/friuli-venezia-giulia\/wp-json\/wp\/v2\/users\/4"}],"replies":[{"embeddable":true,"href":"https:\/\/comitati.fisi.org\/friuli-venezia-giulia\/wp-json\/wp\/v2\/comments?post=74218"}],"version-history":[{"count":0,"href":"https:\/\/comitati.fisi.org\/friuli-venezia-giulia\/wp-json\/wp\/v2\/posts\/74218\/revisions"}],"wp:featuredmedia":[{"embeddable":true,"href":"https:\/\/comitati.fisi.org\/friuli-venezia-giulia\/wp-json\/wp\/v2\/media\/74079"}],"wp:attachment":[{"href":"https:\/\/comitati.fisi.org\/friuli-venezia-giulia\/wp-json\/wp\/v2\/media?parent=74218"}],"wp:term":[{"taxonomy":"category","embeddable":true,"href":"https:\/\/comitati.fisi.org\/friuli-venezia-giulia\/wp-json\/wp\/v2\/categories?post=74218"},{"taxonomy":"post_tag","embeddable":true,"href":"https:\/\/comitati.fisi.org\/friuli-venezia-giulia\/wp-json\/wp\/v2\/tags?post=74218"}],"curies":[{"name":"wp","href":"https:\/\/api.w.org\/{rel}","templated":true}]}}