{"id":74213,"date":"2021-01-21T16:59:48","date_gmt":"2021-01-21T15:59:48","guid":{"rendered":"https:\/\/www.fisifvg.org\/?p=74213"},"modified":"2021-01-21T16:59:48","modified_gmt":"2021-01-21T15:59:48","slug":"frattura-del-perone-si-e-gia-conclusa-la-stagione-di-cristina-pittin","status":"publish","type":"post","link":"https:\/\/comitati.fisi.org\/friuli-venezia-giulia\/blog\/2021\/01\/21\/frattura-del-perone-si-e-gia-conclusa-la-stagione-di-cristina-pittin\/","title":{"rendered":"Frattura del perone, si \u00e8 gi\u00e0 conclusa la stagione di Cristina Pittin"},"content":{"rendered":"<p>Cristina Pittin non prender\u00e0 parte ai Campionati Italiani Assoluti di sci fondo in programma sabato 23 e domenica 24 gennaio a Clusone (Bg).<\/p>\n<p>La carnica del Centro Sportivo Esercito nel corso di un allenamento prima di partire per la Lombardia si \u00e8 procurata la frattura del perone della caviglia destra con distacco del malleolo tibiale interno.<\/p>\n<p>Cristina si sottoporr\u00e0 nei prossimi giorni ad intervento chirurgico a Tolmezzo,e purtroppo la sua stagione agonistica si \u00e8 chiusa anzitempo.<\/p>\n<p>Da tutta la FISI FVG l&#8217;augurio di un pronto recupero.<\/p>\n","protected":false},"excerpt":{"rendered":"<p>La 22enne del Cs Esercito si sottoporr\u00e0 nei prossimi giorni ad intervento chirurgico a Tolmezzo<\/p>\n","protected":false},"author":4,"featured_media":64410,"comment_status":"closed","ping_status":"closed","sticky":false,"template":"","format":"standard","meta":{"_acf_changed":false,"footnotes":""},"categories":[10,11],"tags":[],"acf":[],"_links":{"self":[{"href":"https:\/\/comitati.fisi.org\/friuli-venezia-giulia\/wp-json\/wp\/v2\/posts\/74213"}],"collection":[{"href":"https:\/\/comitati.fisi.org\/friuli-venezia-giulia\/wp-json\/wp\/v2\/posts"}],"about":[{"href":"https:\/\/comitati.fisi.org\/friuli-venezia-giulia\/wp-json\/wp\/v2\/types\/post"}],"author":[{"embeddable":true,"href":"https:\/\/comitati.fisi.org\/friuli-venezia-giulia\/wp-json\/wp\/v2\/users\/4"}],"replies":[{"embeddable":true,"href":"https:\/\/comitati.fisi.org\/friuli-venezia-giulia\/wp-json\/wp\/v2\/comments?post=74213"}],"version-history":[{"count":0,"href":"https:\/\/comitati.fisi.org\/friuli-venezia-giulia\/wp-json\/wp\/v2\/posts\/74213\/revisions"}],"wp:featuredmedia":[{"embeddable":true,"href":"https:\/\/comitati.fisi.org\/friuli-venezia-giulia\/wp-json\/wp\/v2\/media\/64410"}],"wp:attachment":[{"href":"https:\/\/comitati.fisi.org\/friuli-venezia-giulia\/wp-json\/wp\/v2\/media?parent=74213"}],"wp:term":[{"taxonomy":"category","embeddable":true,"href":"https:\/\/comitati.fisi.org\/friuli-venezia-giulia\/wp-json\/wp\/v2\/categories?post=74213"},{"taxonomy":"post_tag","embeddable":true,"href":"https:\/\/comitati.fisi.org\/friuli-venezia-giulia\/wp-json\/wp\/v2\/tags?post=74213"}],"curies":[{"name":"wp","href":"https:\/\/api.w.org\/{rel}","templated":true}]}}