{"id":74168,"date":"2021-01-20T14:41:37","date_gmt":"2021-01-20T13:41:37","guid":{"rendered":"https:\/\/www.fisifvg.org\/?p=74168"},"modified":"2021-01-20T14:41:37","modified_gmt":"2021-01-20T13:41:37","slug":"unottima-andrea-craievich-vince-il-gigante-del-gp-italia-giovani-dopo-un-gran-recupero","status":"publish","type":"post","link":"https:\/\/comitati.fisi.org\/friuli-venezia-giulia\/blog\/2021\/01\/20\/unottima-andrea-craievich-vince-il-gigante-del-gp-italia-giovani-dopo-un-gran-recupero\/","title":{"rendered":"Andrea Craievich vince il gigante del GP Italia Giovani dopo un gran recupero"},"content":{"rendered":"<p>Grande prova di Andrea Craievich nello slalom gigante di La Thuile valido per il GP Italia.<\/p>\n<p>La sciatrice triestina, che sabato festegger\u00e0 i 21 anni, \u00e8 giunta quarta assoluta\u00a0a 0&#8243;63 dalla vincitrice Karoline Pichler. Non solo, perch\u00e9 Andrea ha chiuso seconda fra le giovani preceduta solo dall&#8217;azzurra Sophie Mathiou e si \u00e8 aggiudicata il successo nel GP Italia Giovani, che considera gli atleti non inseriti nelle squadre nazionali.<\/p>\n<div id=\"attachment_74173\" style=\"width: 610px\" class=\"wp-caption aligncenter\"><a href=\"http:\/\/comitati.fisi.org\/friuli-venezia-giulia\/wp-content\/uploads\/sites\/34\/2021\/01\/eeeeee.jpeg\"><img loading=\"lazy\" decoding=\"async\" aria-describedby=\"caption-attachment-74173\" class=\"wp-image-74173\" src=\"http:\/\/comitati.fisi.org\/friuli-venezia-giulia\/wp-content\/uploads\/sites\/34\/2021\/01\/eeeeee-400x400.jpeg\" alt=\"\" width=\"600\" height=\"337\" \/><\/a><p id=\"caption-attachment-74173\" class=\"wp-caption-text\">Andrea Craievich, a sinistra, alla premiazione Giovani<\/p><\/div>\n<p>La Craievich ha costruito questo bel risultato nella seconda manche, recuperando addirittura dal diciannovesimo posto grazie al secondo tempo parziale.<\/p>\n<p>E non \u00e8 tutto, perch\u00e9 31.72 \u00e8 il suo miglior punteggio FIS in carriera.<\/p>\n<p>Una bella soddisfazione, quindi, per lo Sci Club 70 e per l&#8217;allenatore Dario Della Libera.<\/p>\n<p><a href=\"https:\/\/www.fis-ski.com\/DB\/general\/results.html?sectorcode=AL&amp;raceid=104963\">CLASSIFICA\u00a0<\/a><\/p>\n","protected":false},"excerpt":{"rendered":"<p>La quasi 21enne triestina \u00e8 quarta assoluta a La Thuile grazie ad una gran rimonta nella seconda manche<\/p>\n","protected":false},"author":4,"featured_media":74169,"comment_status":"closed","ping_status":"closed","sticky":false,"template":"","format":"standard","meta":{"_acf_changed":false,"footnotes":""},"categories":[10,15],"tags":[],"acf":[],"_links":{"self":[{"href":"https:\/\/comitati.fisi.org\/friuli-venezia-giulia\/wp-json\/wp\/v2\/posts\/74168"}],"collection":[{"href":"https:\/\/comitati.fisi.org\/friuli-venezia-giulia\/wp-json\/wp\/v2\/posts"}],"about":[{"href":"https:\/\/comitati.fisi.org\/friuli-venezia-giulia\/wp-json\/wp\/v2\/types\/post"}],"author":[{"embeddable":true,"href":"https:\/\/comitati.fisi.org\/friuli-venezia-giulia\/wp-json\/wp\/v2\/users\/4"}],"replies":[{"embeddable":true,"href":"https:\/\/comitati.fisi.org\/friuli-venezia-giulia\/wp-json\/wp\/v2\/comments?post=74168"}],"version-history":[{"count":0,"href":"https:\/\/comitati.fisi.org\/friuli-venezia-giulia\/wp-json\/wp\/v2\/posts\/74168\/revisions"}],"wp:featuredmedia":[{"embeddable":true,"href":"https:\/\/comitati.fisi.org\/friuli-venezia-giulia\/wp-json\/wp\/v2\/media\/74169"}],"wp:attachment":[{"href":"https:\/\/comitati.fisi.org\/friuli-venezia-giulia\/wp-json\/wp\/v2\/media?parent=74168"}],"wp:term":[{"taxonomy":"category","embeddable":true,"href":"https:\/\/comitati.fisi.org\/friuli-venezia-giulia\/wp-json\/wp\/v2\/categories?post=74168"},{"taxonomy":"post_tag","embeddable":true,"href":"https:\/\/comitati.fisi.org\/friuli-venezia-giulia\/wp-json\/wp\/v2\/tags?post=74168"}],"curies":[{"name":"wp","href":"https:\/\/api.w.org\/{rel}","templated":true}]}}