{"id":74135,"date":"2021-01-20T13:30:36","date_gmt":"2021-01-20T12:30:36","guid":{"rendered":"https:\/\/www.fisifvg.org\/?p=74135"},"modified":"2021-01-20T13:30:36","modified_gmt":"2021-01-20T12:30:36","slug":"buzzi-45-nella-prima-prova-cronometrata-di-kitzbuehel","status":"publish","type":"post","link":"https:\/\/comitati.fisi.org\/friuli-venezia-giulia\/blog\/2021\/01\/20\/buzzi-45-nella-prima-prova-cronometrata-di-kitzbuehel\/","title":{"rendered":"Buzzi 45\u00b0 nella prima prova cronometrata di Kitzbuehel"},"content":{"rendered":"<p>Emanuele Buzzi ha ottenuto il 45\u00b0 tempo nella prima prova cronometrata in vista delle discese di Coppa del Mondo di Kitzbuehel, in Austria.<\/p>\n<p>Il 26enne scuola Sci Club Sappada \u00e8 giunto a 3&#8243;05 da Cochran-Siegle, il pi\u00f9 veloce davanti all&#8217;altro statunitense Ganong e al veterano austriaco Reichelt. Primo degli azzurri Matteo Marsaglia, 31\u00b0 a 1&#8243;98.<\/p>\n<p>Gioved\u00ec alle 11.30 la seconda prova, poi le gare: venerd\u00ec e sabato il programma prevede sulla Streif le discese, la prima delle quali sar\u00e0 il recupero di quella cancellata a Wengen, la seconda la classica dell\u2019Hahnenkamm. La partenza sar\u00e0 alle 11.30. Per il superG di domenica, invece, lo start sar\u00e0 alle 10.20.<\/p>\n<p><a href=\"https:\/\/www.fis-ski.com\/DB\/general\/results.html?sectorcode=AL&amp;raceid=104319\">CLASSIFICA<\/a><\/p>\n<p><em><strong>(nella PhotoSolero, Buzzi impegnato lo scorso anno a Kitzbuehel)<\/strong><\/em><\/p>\n","protected":false},"excerpt":{"rendered":"<p>Gioved\u00ec alle 11.30 il secondo allenamento cronometrato, poi da venerd\u00ec un trittico di gare<\/p>\n","protected":false},"author":4,"featured_media":65664,"comment_status":"closed","ping_status":"closed","sticky":false,"template":"","format":"standard","meta":{"_acf_changed":false,"footnotes":""},"categories":[15],"tags":[],"acf":[],"_links":{"self":[{"href":"https:\/\/comitati.fisi.org\/friuli-venezia-giulia\/wp-json\/wp\/v2\/posts\/74135"}],"collection":[{"href":"https:\/\/comitati.fisi.org\/friuli-venezia-giulia\/wp-json\/wp\/v2\/posts"}],"about":[{"href":"https:\/\/comitati.fisi.org\/friuli-venezia-giulia\/wp-json\/wp\/v2\/types\/post"}],"author":[{"embeddable":true,"href":"https:\/\/comitati.fisi.org\/friuli-venezia-giulia\/wp-json\/wp\/v2\/users\/4"}],"replies":[{"embeddable":true,"href":"https:\/\/comitati.fisi.org\/friuli-venezia-giulia\/wp-json\/wp\/v2\/comments?post=74135"}],"version-history":[{"count":0,"href":"https:\/\/comitati.fisi.org\/friuli-venezia-giulia\/wp-json\/wp\/v2\/posts\/74135\/revisions"}],"wp:featuredmedia":[{"embeddable":true,"href":"https:\/\/comitati.fisi.org\/friuli-venezia-giulia\/wp-json\/wp\/v2\/media\/65664"}],"wp:attachment":[{"href":"https:\/\/comitati.fisi.org\/friuli-venezia-giulia\/wp-json\/wp\/v2\/media?parent=74135"}],"wp:term":[{"taxonomy":"category","embeddable":true,"href":"https:\/\/comitati.fisi.org\/friuli-venezia-giulia\/wp-json\/wp\/v2\/categories?post=74135"},{"taxonomy":"post_tag","embeddable":true,"href":"https:\/\/comitati.fisi.org\/friuli-venezia-giulia\/wp-json\/wp\/v2\/tags?post=74135"}],"curies":[{"name":"wp","href":"https:\/\/api.w.org\/{rel}","templated":true}]}}