{"id":74131,"date":"2021-01-20T10:49:21","date_gmt":"2021-01-20T09:49:21","guid":{"rendered":"https:\/\/www.fisifvg.org\/?p=74131"},"modified":"2021-01-20T10:49:21","modified_gmt":"2021-01-20T09:49:21","slug":"doppio-appuntamento-in-coppa-europa-per-lara-della-mea","status":"publish","type":"post","link":"https:\/\/comitati.fisi.org\/friuli-venezia-giulia\/blog\/2021\/01\/20\/doppio-appuntamento-in-coppa-europa-per-lara-della-mea\/","title":{"rendered":"Doppio appuntamento in Coppa Europa per Lara Della Mea"},"content":{"rendered":"<p>Lara Della Mea sar\u00e0 impegnata gioved\u00ec 21 e venerd\u00ec 22 negli slalom di Coppa Europa di Gstaad, in Svizzera, gare che recuperano quella cancellata a Melchsee Frutt.<\/p>\n<p>Con la tarvisiana ci saranno le azzurre del gruppo di slalom di Coppa Europa, ovvero Vera Tschutschenthaler, Anita Gulli, Serena Viviani, Petra Unterholzner, Celina Haller, Roberta Midali, Martina Perruchon, Vivien Insam e Carlotta Saracco.<\/p>\n","protected":false},"excerpt":{"rendered":"<p>Gioved\u00ec 21 e venerd\u00ec 22 la tarvisiana sar\u00e0 al via degli slalom di Gstaad, in Svizzera<\/p>\n","protected":false},"author":4,"featured_media":73639,"comment_status":"closed","ping_status":"closed","sticky":false,"template":"","format":"standard","meta":{"_acf_changed":false,"footnotes":""},"categories":[15],"tags":[],"acf":[],"_links":{"self":[{"href":"https:\/\/comitati.fisi.org\/friuli-venezia-giulia\/wp-json\/wp\/v2\/posts\/74131"}],"collection":[{"href":"https:\/\/comitati.fisi.org\/friuli-venezia-giulia\/wp-json\/wp\/v2\/posts"}],"about":[{"href":"https:\/\/comitati.fisi.org\/friuli-venezia-giulia\/wp-json\/wp\/v2\/types\/post"}],"author":[{"embeddable":true,"href":"https:\/\/comitati.fisi.org\/friuli-venezia-giulia\/wp-json\/wp\/v2\/users\/4"}],"replies":[{"embeddable":true,"href":"https:\/\/comitati.fisi.org\/friuli-venezia-giulia\/wp-json\/wp\/v2\/comments?post=74131"}],"version-history":[{"count":0,"href":"https:\/\/comitati.fisi.org\/friuli-venezia-giulia\/wp-json\/wp\/v2\/posts\/74131\/revisions"}],"wp:featuredmedia":[{"embeddable":true,"href":"https:\/\/comitati.fisi.org\/friuli-venezia-giulia\/wp-json\/wp\/v2\/media\/73639"}],"wp:attachment":[{"href":"https:\/\/comitati.fisi.org\/friuli-venezia-giulia\/wp-json\/wp\/v2\/media?parent=74131"}],"wp:term":[{"taxonomy":"category","embeddable":true,"href":"https:\/\/comitati.fisi.org\/friuli-venezia-giulia\/wp-json\/wp\/v2\/categories?post=74131"},{"taxonomy":"post_tag","embeddable":true,"href":"https:\/\/comitati.fisi.org\/friuli-venezia-giulia\/wp-json\/wp\/v2\/tags?post=74131"}],"curies":[{"name":"wp","href":"https:\/\/api.w.org\/{rel}","templated":true}]}}