{"id":74066,"date":"2021-01-18T16:43:26","date_gmt":"2021-01-18T15:43:26","guid":{"rendered":"https:\/\/www.fisifvg.org\/?p=74066"},"modified":"2021-01-18T16:43:26","modified_gmt":"2021-01-18T15:43:26","slug":"emanuele-buzzi-in-gara-nel-mito-dello-sci-la-streif-di-kitzbuehel","status":"publish","type":"post","link":"https:\/\/comitati.fisi.org\/friuli-venezia-giulia\/blog\/2021\/01\/18\/emanuele-buzzi-in-gara-nel-mito-dello-sci-la-streif-di-kitzbuehel\/","title":{"rendered":"Emanuele Buzzi in gara nel mito dello sci, la &#8220;Streif&#8221; di Kitzbuehel"},"content":{"rendered":"<p>Comincia con una cancellazione la settimana di Coppa del Mondo di Kitzbuehel. Il meteo volge al cattivo tempo e quindi la prima prova cronometrata prevista per marted\u00ec \u00e8 gi\u00e0 stata cancellata. Si comincer\u00e0 con la seconda prova, programmata per mercoled\u00ec alle 11.30, e un&#8217;altra prova ci sar\u00e0 gioved\u00ec, sempre alle 11.30.<br \/>\nVenerd\u00ec e sabato il programma prevede sulla Streif due discese: la prima sar\u00e0 il recupero di quella cancellata a Wengen, la seconda la classica dell&#8217;Hahnenkamm. La partenza sar\u00e0 sempre alle 11.30. Per il superG di domenica invece, lo start sar\u00e0 alle 10.20.<br \/>\nGli azzurri convocati sono sei: <strong>Emanuele Buzzi <em>(nella foto),<\/em><\/strong> Davide Cazzaniga, Matteo Marsaglia, Dominik Paris, Florian Schieder e Pietro Zazzi.<\/p>\n","protected":false},"excerpt":{"rendered":"<p>Da venerd\u00ec 22 a domenica 24 sono in programma due discese e un superG<\/p>\n","protected":false},"author":4,"featured_media":72916,"comment_status":"closed","ping_status":"closed","sticky":false,"template":"","format":"standard","meta":{"_acf_changed":false,"footnotes":""},"categories":[15],"tags":[],"acf":[],"_links":{"self":[{"href":"https:\/\/comitati.fisi.org\/friuli-venezia-giulia\/wp-json\/wp\/v2\/posts\/74066"}],"collection":[{"href":"https:\/\/comitati.fisi.org\/friuli-venezia-giulia\/wp-json\/wp\/v2\/posts"}],"about":[{"href":"https:\/\/comitati.fisi.org\/friuli-venezia-giulia\/wp-json\/wp\/v2\/types\/post"}],"author":[{"embeddable":true,"href":"https:\/\/comitati.fisi.org\/friuli-venezia-giulia\/wp-json\/wp\/v2\/users\/4"}],"replies":[{"embeddable":true,"href":"https:\/\/comitati.fisi.org\/friuli-venezia-giulia\/wp-json\/wp\/v2\/comments?post=74066"}],"version-history":[{"count":0,"href":"https:\/\/comitati.fisi.org\/friuli-venezia-giulia\/wp-json\/wp\/v2\/posts\/74066\/revisions"}],"wp:featuredmedia":[{"embeddable":true,"href":"https:\/\/comitati.fisi.org\/friuli-venezia-giulia\/wp-json\/wp\/v2\/media\/72916"}],"wp:attachment":[{"href":"https:\/\/comitati.fisi.org\/friuli-venezia-giulia\/wp-json\/wp\/v2\/media?parent=74066"}],"wp:term":[{"taxonomy":"category","embeddable":true,"href":"https:\/\/comitati.fisi.org\/friuli-venezia-giulia\/wp-json\/wp\/v2\/categories?post=74066"},{"taxonomy":"post_tag","embeddable":true,"href":"https:\/\/comitati.fisi.org\/friuli-venezia-giulia\/wp-json\/wp\/v2\/tags?post=74066"}],"curies":[{"name":"wp","href":"https:\/\/api.w.org\/{rel}","templated":true}]}}