{"id":74061,"date":"2021-01-19T07:52:23","date_gmt":"2021-01-19T06:52:23","guid":{"rendered":"https:\/\/www.fisifvg.org\/?p=74061"},"modified":"2021-01-19T07:52:23","modified_gmt":"2021-01-19T06:52:23","slug":"lisa-vittozzi-a-anterselva-per-la-gara-italiana-di-coppa-del-mondo-di-biathlon","status":"publish","type":"post","link":"https:\/\/comitati.fisi.org\/friuli-venezia-giulia\/blog\/2021\/01\/19\/lisa-vittozzi-a-anterselva-per-la-gara-italiana-di-coppa-del-mondo-di-biathlon\/","title":{"rendered":"Lisa Vittozzi ad Anterselva per la tappa italiana di Coppa del Mondo di biathlon"},"content":{"rendered":"<p>Sono dieci, equamente divisi tra uomini e donne, i convocati per l&#8217;appuntamento di Coppa del mondo di biathlon sulla pista di Anterselva, ultIma tappa prima dei Mondiali di Pokljuka dell&#8217;8-21 febbraio.<\/p>\n<p>Il direttore tecnico Fabrizio Curtaz ha chiamato Michela Carrara, Nicole Gontier,<strong> Lisa Vittozzi,<\/strong> Dorothea Wierer, Federica Sanfilippo in campo femminile e Thomas Bormolini, Didier Bionaz, Dominik Widisch, Lukas Hofer e Tommaso Giacomel in campo maschile.<\/p>\n<p>Il programma nella localit\u00e0 che ha ospitato la scorsa stagione la rassegna iridata prevede gioved\u00ec 21 gennaio la disputa dell&#8217;individuale femminile (ore 14.15), seguita venerd\u00ec 22 gennaio dall&#8217;individuale maschile (ore 13.15), mentre sabato 23 gennaio ci saranno a mass start femminile e la staffetta maschile alle ore 13.10 e 15.05, chiusura domenica 24 gennaio con la staffetta femminile e la mass start maschile alle ore 12.45 e 15.05. Tutte le gare verranno trasmesse in diretta su Raisport\u00a0ed Eurosport.<\/p>\n<p>Ad Arber, in Germania, prosegue invece l&#8217;IBU Cup con la seconda tappa nella stessa localit\u00e0 che ha ospitato settimane scorsa le prime competizioni del circuito continentale. In programma da mercoled\u00ec 20 e venerd\u00ec 22 gennaio due sprint maschili e femminile e sabato 23 gennaio le staffette singola mista e staffetta mista con <strong>Eleonora Fauner,<\/strong> Rebecca Passler, Beatrice Trabucchi, Saverio Zini, <strong>Giuseppe Montello, Daniele Cappellari<\/strong> e Patrick Braunhofer.<\/p>\n","protected":false},"excerpt":{"rendered":"<p>Da gioved\u00ec le prime gare nell&#8217;ultimo appuntamento prima dei Mondiali di Pokljuka dell&#8217;8-21 febbraio<\/p>\n","protected":false},"author":4,"featured_media":72437,"comment_status":"closed","ping_status":"closed","sticky":false,"template":"","format":"standard","meta":{"_acf_changed":false,"footnotes":""},"categories":[13],"tags":[],"acf":[],"_links":{"self":[{"href":"https:\/\/comitati.fisi.org\/friuli-venezia-giulia\/wp-json\/wp\/v2\/posts\/74061"}],"collection":[{"href":"https:\/\/comitati.fisi.org\/friuli-venezia-giulia\/wp-json\/wp\/v2\/posts"}],"about":[{"href":"https:\/\/comitati.fisi.org\/friuli-venezia-giulia\/wp-json\/wp\/v2\/types\/post"}],"author":[{"embeddable":true,"href":"https:\/\/comitati.fisi.org\/friuli-venezia-giulia\/wp-json\/wp\/v2\/users\/4"}],"replies":[{"embeddable":true,"href":"https:\/\/comitati.fisi.org\/friuli-venezia-giulia\/wp-json\/wp\/v2\/comments?post=74061"}],"version-history":[{"count":0,"href":"https:\/\/comitati.fisi.org\/friuli-venezia-giulia\/wp-json\/wp\/v2\/posts\/74061\/revisions"}],"wp:featuredmedia":[{"embeddable":true,"href":"https:\/\/comitati.fisi.org\/friuli-venezia-giulia\/wp-json\/wp\/v2\/media\/72437"}],"wp:attachment":[{"href":"https:\/\/comitati.fisi.org\/friuli-venezia-giulia\/wp-json\/wp\/v2\/media?parent=74061"}],"wp:term":[{"taxonomy":"category","embeddable":true,"href":"https:\/\/comitati.fisi.org\/friuli-venezia-giulia\/wp-json\/wp\/v2\/categories?post=74061"},{"taxonomy":"post_tag","embeddable":true,"href":"https:\/\/comitati.fisi.org\/friuli-venezia-giulia\/wp-json\/wp\/v2\/tags?post=74061"}],"curies":[{"name":"wp","href":"https:\/\/api.w.org\/{rel}","templated":true}]}}