{"id":73884,"date":"2021-01-17T11:45:15","date_gmt":"2021-01-17T10:45:15","guid":{"rendered":"https:\/\/www.fisifvg.org\/?p=73884"},"modified":"2021-01-17T11:45:15","modified_gmt":"2021-01-17T10:45:15","slug":"luca-taranzano-convocato-in-coppa-europa","status":"publish","type":"post","link":"https:\/\/comitati.fisi.org\/friuli-venezia-giulia\/blog\/2021\/01\/17\/luca-taranzano-convocato-in-coppa-europa\/","title":{"rendered":"Luca Taranzano convocato in Coppa Europa"},"content":{"rendered":"<p>Reduce dal quarto posto ottenuto ieri sullo Zoncolan, che gli \u00e8 valso il successo nel GP Italia Senior, il lussarino \u00e8 stato convocato per le prossime due tappe di Coppa Europa.<\/p>\n<p>Luned\u00ec 18 e marted\u00ec 19 Taranzano sara a Zinal (Svizzera) per due superG, poi venerd\u00ec 22 e sabato 23 a Folgaria per due giganti.<\/p>\n","protected":false},"excerpt":{"rendered":"<p>Luned\u00ec 18 e marted\u00ec 19 il lussarino sara a Zinal per due superG, poi venerd\u00ec 22 e sabato 23 a Folgaria per due giganti<\/p>\n","protected":false},"author":4,"featured_media":71860,"comment_status":"closed","ping_status":"closed","sticky":false,"template":"","format":"standard","meta":{"_acf_changed":false,"footnotes":""},"categories":[15],"tags":[],"acf":[],"_links":{"self":[{"href":"https:\/\/comitati.fisi.org\/friuli-venezia-giulia\/wp-json\/wp\/v2\/posts\/73884"}],"collection":[{"href":"https:\/\/comitati.fisi.org\/friuli-venezia-giulia\/wp-json\/wp\/v2\/posts"}],"about":[{"href":"https:\/\/comitati.fisi.org\/friuli-venezia-giulia\/wp-json\/wp\/v2\/types\/post"}],"author":[{"embeddable":true,"href":"https:\/\/comitati.fisi.org\/friuli-venezia-giulia\/wp-json\/wp\/v2\/users\/4"}],"replies":[{"embeddable":true,"href":"https:\/\/comitati.fisi.org\/friuli-venezia-giulia\/wp-json\/wp\/v2\/comments?post=73884"}],"version-history":[{"count":0,"href":"https:\/\/comitati.fisi.org\/friuli-venezia-giulia\/wp-json\/wp\/v2\/posts\/73884\/revisions"}],"wp:featuredmedia":[{"embeddable":true,"href":"https:\/\/comitati.fisi.org\/friuli-venezia-giulia\/wp-json\/wp\/v2\/media\/71860"}],"wp:attachment":[{"href":"https:\/\/comitati.fisi.org\/friuli-venezia-giulia\/wp-json\/wp\/v2\/media?parent=73884"}],"wp:term":[{"taxonomy":"category","embeddable":true,"href":"https:\/\/comitati.fisi.org\/friuli-venezia-giulia\/wp-json\/wp\/v2\/categories?post=73884"},{"taxonomy":"post_tag","embeddable":true,"href":"https:\/\/comitati.fisi.org\/friuli-venezia-giulia\/wp-json\/wp\/v2\/tags?post=73884"}],"curies":[{"name":"wp","href":"https:\/\/api.w.org\/{rel}","templated":true}]}}