{"id":73653,"date":"2021-01-16T16:13:57","date_gmt":"2021-01-16T15:13:57","guid":{"rendered":"https:\/\/www.fisifvg.org\/?p=73653"},"modified":"2021-01-16T16:13:57","modified_gmt":"2021-01-16T15:13:57","slug":"litalia-di-una-convincente-lisa-vittozzi-15a-nella-staffetta-di-coppa-del-mondo","status":"publish","type":"post","link":"https:\/\/comitati.fisi.org\/friuli-venezia-giulia\/blog\/2021\/01\/16\/litalia-di-una-convincente-lisa-vittozzi-15a-nella-staffetta-di-coppa-del-mondo\/","title":{"rendered":"L&#8217;Italia di una convincente Lisa Vittozzi 15a nella staffetta di Coppa del Mondo"},"content":{"rendered":"<p>Quindicesimo posto per la staffetta 4&#215;6 km femminile di Coppa del Mondo di biathlon a Oberhof, in Germania.<\/p>\n<p>Convincente il lancio di Lisa Vittozzi, grazie in particolare ad uno splendida serie in piedi dopo due ricariche a terra. La sappadina ha dato il cambio a Irene Lardschneider in testa con 10&#8243; sulla Francia e 11&#8243; sulla Germania. La pi\u00f9 giovane delle azzurre ha per\u00f2 compromesso le possibilit\u00e0 di un buon risultato azzurro girando due volte a terra; dar\u00e0 il cambio a Dorothea Wierer al 17\u00b0 posto lontana 3&#8217;29&#8221; dalla leader Francia. Federica Sanfilippo taglier\u00e0 poi il traguardo in 15a posizione a 5&#8217;56&#8221; dalla Germania, vincitrice davanti a Bielorussia e Svezia.<\/p>\n<p>Domenica la doppia tappa tedesca si chiude con le mass start; la 12.5 km femminile (presente Lisa) \u00e8 programmata alle 15.<\/p>\n<p><a href=\"https:\/\/www.biathlonworld.com\/competitions\/world-cup\/events\/bmw-ibu-world-cup-biathlon-oberhof-2021\/bt2021swrlcp06\/race\/women-4x6km-relay\/bt2021swrlcp06swrl\/\">CLASSIFICA<\/a><\/p>\n","protected":false},"excerpt":{"rendered":"<p>Domenica la doppia tappa tedesca si chiude con le mass start<\/p>\n","protected":false},"author":4,"featured_media":72440,"comment_status":"closed","ping_status":"closed","sticky":false,"template":"","format":"standard","meta":{"_acf_changed":false,"footnotes":""},"categories":[13],"tags":[],"acf":[],"_links":{"self":[{"href":"https:\/\/comitati.fisi.org\/friuli-venezia-giulia\/wp-json\/wp\/v2\/posts\/73653"}],"collection":[{"href":"https:\/\/comitati.fisi.org\/friuli-venezia-giulia\/wp-json\/wp\/v2\/posts"}],"about":[{"href":"https:\/\/comitati.fisi.org\/friuli-venezia-giulia\/wp-json\/wp\/v2\/types\/post"}],"author":[{"embeddable":true,"href":"https:\/\/comitati.fisi.org\/friuli-venezia-giulia\/wp-json\/wp\/v2\/users\/4"}],"replies":[{"embeddable":true,"href":"https:\/\/comitati.fisi.org\/friuli-venezia-giulia\/wp-json\/wp\/v2\/comments?post=73653"}],"version-history":[{"count":0,"href":"https:\/\/comitati.fisi.org\/friuli-venezia-giulia\/wp-json\/wp\/v2\/posts\/73653\/revisions"}],"wp:featuredmedia":[{"embeddable":true,"href":"https:\/\/comitati.fisi.org\/friuli-venezia-giulia\/wp-json\/wp\/v2\/media\/72440"}],"wp:attachment":[{"href":"https:\/\/comitati.fisi.org\/friuli-venezia-giulia\/wp-json\/wp\/v2\/media?parent=73653"}],"wp:term":[{"taxonomy":"category","embeddable":true,"href":"https:\/\/comitati.fisi.org\/friuli-venezia-giulia\/wp-json\/wp\/v2\/categories?post=73653"},{"taxonomy":"post_tag","embeddable":true,"href":"https:\/\/comitati.fisi.org\/friuli-venezia-giulia\/wp-json\/wp\/v2\/tags?post=73653"}],"curies":[{"name":"wp","href":"https:\/\/api.w.org\/{rel}","templated":true}]}}