{"id":73650,"date":"2021-01-16T17:18:27","date_gmt":"2021-01-16T16:18:27","guid":{"rendered":"https:\/\/www.fisifvg.org\/?p=73650"},"modified":"2021-01-16T17:18:27","modified_gmt":"2021-01-16T16:18:27","slug":"combinata-nordica-pinzani-sesta-e-zanitzer-settima-in-youth-cup","status":"publish","type":"post","link":"https:\/\/comitati.fisi.org\/friuli-venezia-giulia\/blog\/2021\/01\/16\/combinata-nordica-pinzani-sesta-e-zanitzer-settima-in-youth-cup\/","title":{"rendered":"Combinata nordica, Pinzani sesta e Zanitzer settima in Youth Cup"},"content":{"rendered":"<p>Prima delle due giornate di gara a Harrachov, in Repubblica Ceca, per la Youth Cup di combinata nordica, che vede presenti Greta Pinzani e Martina Zanitzer della squadra FISI FVG, entrambe tesserate con il Lussari.<\/p>\n<p>Nel salto la Zanitzer \u00e8 stata nettamente la migliore, tanto da partire nella 5 km di fondo con oltre mezzo secondo sull&#8217;avversaria pi\u00f9 vicina, mentre la Pinzani \u00e8 partita sesta dopo 52&#8243;.<\/p>\n<p>Al traguardo Greta ha mantenuto la posizione, precedendo Martina, che chiude cos\u00ec settima.<\/p>\n<div id=\"attachment_73826\" style=\"width: 610px\" class=\"wp-caption aligncenter\"><a href=\"http:\/\/comitati.fisi.org\/friuli-venezia-giulia\/wp-content\/uploads\/sites\/34\/2021\/01\/WhatsApp-Image-2021-01-16-at-17.13.17-1.jpeg\"><img loading=\"lazy\" decoding=\"async\" aria-describedby=\"caption-attachment-73826\" class=\"wp-image-73826 size-medium\" src=\"http:\/\/comitati.fisi.org\/friuli-venezia-giulia\/wp-content\/uploads\/sites\/34\/2021\/01\/WhatsApp-Image-2021-01-16-at-17.13.17-1-600x450.jpeg\" alt=\"\" width=\"600\" height=\"450\" \/><\/a><p id=\"caption-attachment-73826\" class=\"wp-caption-text\">Greta Pinzani, prima da destra, alla cerimonia di premiazione<\/p><\/div>\n<p>Domenica si replica.<\/p>\n<p><a href=\"https:\/\/www.fis-ski.com\/DB\/general\/results.html?sectorcode=NK&amp;raceid=2639\">CLASSIFICA<\/a><\/p>\n","protected":false},"excerpt":{"rendered":"<p>Dopo il salto sul trampolino ceco Martina era al comando, Greta sempre al sesto posto<\/p>\n","protected":false},"author":4,"featured_media":73825,"comment_status":"closed","ping_status":"closed","sticky":false,"template":"","format":"standard","meta":{"_acf_changed":false,"footnotes":""},"categories":[14],"tags":[],"acf":[],"_links":{"self":[{"href":"https:\/\/comitati.fisi.org\/friuli-venezia-giulia\/wp-json\/wp\/v2\/posts\/73650"}],"collection":[{"href":"https:\/\/comitati.fisi.org\/friuli-venezia-giulia\/wp-json\/wp\/v2\/posts"}],"about":[{"href":"https:\/\/comitati.fisi.org\/friuli-venezia-giulia\/wp-json\/wp\/v2\/types\/post"}],"author":[{"embeddable":true,"href":"https:\/\/comitati.fisi.org\/friuli-venezia-giulia\/wp-json\/wp\/v2\/users\/4"}],"replies":[{"embeddable":true,"href":"https:\/\/comitati.fisi.org\/friuli-venezia-giulia\/wp-json\/wp\/v2\/comments?post=73650"}],"version-history":[{"count":0,"href":"https:\/\/comitati.fisi.org\/friuli-venezia-giulia\/wp-json\/wp\/v2\/posts\/73650\/revisions"}],"wp:featuredmedia":[{"embeddable":true,"href":"https:\/\/comitati.fisi.org\/friuli-venezia-giulia\/wp-json\/wp\/v2\/media\/73825"}],"wp:attachment":[{"href":"https:\/\/comitati.fisi.org\/friuli-venezia-giulia\/wp-json\/wp\/v2\/media?parent=73650"}],"wp:term":[{"taxonomy":"category","embeddable":true,"href":"https:\/\/comitati.fisi.org\/friuli-venezia-giulia\/wp-json\/wp\/v2\/categories?post=73650"},{"taxonomy":"post_tag","embeddable":true,"href":"https:\/\/comitati.fisi.org\/friuli-venezia-giulia\/wp-json\/wp\/v2\/tags?post=73650"}],"curies":[{"name":"wp","href":"https:\/\/api.w.org\/{rel}","templated":true}]}}