{"id":73648,"date":"2021-01-16T11:10:31","date_gmt":"2021-01-16T10:10:31","guid":{"rendered":"https:\/\/www.fisifvg.org\/?p=73648"},"modified":"2021-01-16T11:10:31","modified_gmt":"2021-01-16T10:10:31","slug":"coppa-del-mondo-combinata-il-duo-buzzi-pittin-11-dopo-il-salto-della-team-sprint","status":"publish","type":"post","link":"https:\/\/comitati.fisi.org\/friuli-venezia-giulia\/blog\/2021\/01\/16\/coppa-del-mondo-combinata-il-duo-buzzi-pittin-11-dopo-il-salto-della-team-sprint\/","title":{"rendered":"Coppa del Mondo combinata, il duo Buzzi-Pittin 9\u00b0 nella team sprint in Val di Fiemme"},"content":{"rendered":"<p>La coppia friulana Raffaele Buzzi-Alessandro Pittin, che rappresenta l&#8217;Italia, \u00e8 giunta nona nell\u00a0team sprint di Coppa del Mondo di combinata nordica.<\/p>\n<p>In Val di Fiemme il tarvisiano e il carnico, undicesimi al termine del salto a poco meno di 1&#8242; dalla vetta (con Pittin autore della nona misura su 36), hanno chiuso la 2&#215;7.5 km di fondo di Lago di Tesero a 1&#8217;57&#8221; dalla Germania, vincitrice con il duo Frenzel-Riessle con 1&#8243;5 sugli austriaci Lamparter e Greiderer.<\/p>\n<p><b>Alessandro Pittin: &#8220;<\/b><span style=\"font-weight: 400\">Penso che, in generale, abbiamo fatto una buona gara, sia nel salto che nel fondo. Purtroppo \u00e8 stata una delle team sprint pi\u00f9 dure che io abbia fatto negli ultimi anni perch\u00e9 davanti non si sono mai fermati, hanno sempre tirato a tutta, c\u2019era troppo distacco per provare a recuperare. La neve era veloce, chiaramente ieri quella fresca era un po\u2019 pi\u00f9 lenta ma oggi, appunto, il tracciato era veloce e forse anche per questo era ancora pi\u00f9 difficile recuperare su chi stava davanti. Oggi ho fatto un buon salto, quello che ieri mi era mancato in gara, speriamo di riuscire a farlo anche domani e vedremo come andr\u00e0.&#8221;\u00a0<\/span><\/p>\n<p><b>Raffaele Buzzi: &#8220;<\/b><span style=\"font-weight: 400\">Non abbiamo trovato tanto aiuto nella squadra americana, avremmo voluto fare una gara pi\u00f9 tattica. Ci \u00e8 stato subito chiaro che non potevamo contare su di loro per provare a recuperare le squadre di testa. Abbiamo tentato, ma da soli \u00e8 difficile, il gruppo davanti non ha mai abbassato il ritmo e probabilmente si sono dati il cambio, facendo molto meno fatica di noi. Sul trampolino oggi non sono andato bene, Alessandro ha fatto un buonissimo salto e ha limitato i danni, ma il mio era proprio al limite. Posso solo dire di essere riuscito a \u201csalvarmi\u201d. Il vento non mi ha aiutato, ma non lo voglio usare come scusa. La verit\u00e0 \u00e8 che ero un po\u2019 teso e il mio gesto atletico ne ha risentito: \u00e8 risultato forzato, non ho saltato come so fare. \u00c8 la prima team sprint dell\u2019anno comunque, e pur non avendo ottenuto un ottimo risultato abbiamo dimostrato che siamo sulla strada giusta e che stiamo lavorando bene&#8221;.\u00a0<\/span><\/p>\n<p>Domenica la tappa italiana si chiude con un&#8217;altra Gundersen individuale.<\/p>\n<p><a href=\"https:\/\/www.fis-ski.com\/DB\/general\/results.html?sectorcode=NK&amp;raceid=2576\">CLASSIFICA<\/a><\/p>\n<p><em><strong>(foto Newspower)<\/strong><\/em><\/p>\n","protected":false},"excerpt":{"rendered":"<p>Tra Predazzo e Lago di Tesero il tarvisiano e il carnico hanno rappresentato la prima squadra italiana <\/p>\n","protected":false},"author":4,"featured_media":73669,"comment_status":"closed","ping_status":"closed","sticky":false,"template":"","format":"standard","meta":{"_acf_changed":false,"footnotes":""},"categories":[14,10],"tags":[],"acf":[],"_links":{"self":[{"href":"https:\/\/comitati.fisi.org\/friuli-venezia-giulia\/wp-json\/wp\/v2\/posts\/73648"}],"collection":[{"href":"https:\/\/comitati.fisi.org\/friuli-venezia-giulia\/wp-json\/wp\/v2\/posts"}],"about":[{"href":"https:\/\/comitati.fisi.org\/friuli-venezia-giulia\/wp-json\/wp\/v2\/types\/post"}],"author":[{"embeddable":true,"href":"https:\/\/comitati.fisi.org\/friuli-venezia-giulia\/wp-json\/wp\/v2\/users\/4"}],"replies":[{"embeddable":true,"href":"https:\/\/comitati.fisi.org\/friuli-venezia-giulia\/wp-json\/wp\/v2\/comments?post=73648"}],"version-history":[{"count":0,"href":"https:\/\/comitati.fisi.org\/friuli-venezia-giulia\/wp-json\/wp\/v2\/posts\/73648\/revisions"}],"wp:featuredmedia":[{"embeddable":true,"href":"https:\/\/comitati.fisi.org\/friuli-venezia-giulia\/wp-json\/wp\/v2\/media\/73669"}],"wp:attachment":[{"href":"https:\/\/comitati.fisi.org\/friuli-venezia-giulia\/wp-json\/wp\/v2\/media?parent=73648"}],"wp:term":[{"taxonomy":"category","embeddable":true,"href":"https:\/\/comitati.fisi.org\/friuli-venezia-giulia\/wp-json\/wp\/v2\/categories?post=73648"},{"taxonomy":"post_tag","embeddable":true,"href":"https:\/\/comitati.fisi.org\/friuli-venezia-giulia\/wp-json\/wp\/v2\/tags?post=73648"}],"curies":[{"name":"wp","href":"https:\/\/api.w.org\/{rel}","templated":true}]}}