{"id":73604,"date":"2021-01-15T11:18:12","date_gmt":"2021-01-15T10:18:12","guid":{"rendered":"https:\/\/www.fisifvg.org\/?p=73604"},"modified":"2021-01-15T11:18:12","modified_gmt":"2021-01-15T10:18:12","slug":"combinata-dal-trampolino-della-val-di-fiemme-poche-soddisfazioni-per-pittin-e-buzzi","status":"publish","type":"post","link":"https:\/\/comitati.fisi.org\/friuli-venezia-giulia\/blog\/2021\/01\/15\/combinata-dal-trampolino-della-val-di-fiemme-poche-soddisfazioni-per-pittin-e-buzzi\/","title":{"rendered":"Coppa del Mondo combinata, gran rimonta di Pittin e miglior risultato in carriera per Buzzi"},"content":{"rendered":"<p>Si \u00e8 svolta oggi la prima delle tre gare di Coppa del Mondo di combinata nordica in Val di Fiemme.<\/p>\n<p>Dopo il salto dal trampolino HS104 di Predazzo, Alessandro Pittin era 37\u00b0, lontano 2&#8217;36&#8221; dal leader (ancora una volta il norvegese Riiber), mentre Raffaele Buzzi era 41\u00b0 a 2&#8217;53&#8221; dalla vetta.<\/p>\n<p>Nella prova di fondo sui 10 km, disputata a Lago di Tesero, entrambi i FVG hanno effettuato una gran rimonta. Pittin \u00e8 risalito fino al 14\u00b0 posto a1&#8217;23&#8221; da Riiber, mentre Buzzi ha chiuso 24\u00b0 a 2&#8217;08&#8221;, ottenendo cos\u00ec il suo miglior risultato in carriera in CdM.<\/p>\n<p>Riiber ha vinto con 8&#8243;4 sul finlandese Herola e 9&#8243;8 sul tedesco Geiger.<\/p>\n<p align=\"JUSTIFY\"><strong>ALESSANDRO PITTIN:<\/strong> &#8220;Alla fine il risultato \u00e8 abbastanza buono, per\u00f2 se il fondo \u00e8 andato bene il salto non mi rende per niente contento. Tra ieri e stamattina ho comunque fatto tre salti nelle prime dieci posizioni, purtroppo non erano di gara e lasciano il tempo che trovano in classifica, ma la prestazione era totalmente diversa. Mi fa rabbia non riuscire a stare tranquillo in gara, ho sempre troppa voglia di fare, troppa foga e quindi il problema \u00e8 quello, dovrei riuscire a star tranquillo e fare quel che so fare, e basta. La neve di stanotte non ha rallentato il trampolino, che di notte \u00e8 comunque coperto. Anche stamattina la nevicata non ha dato problemi di velocit\u00e0: il trampolino era preparato benissimo, nessun problema. Le piste della Val di Fiemme si prestano molto alla \u201cselezione\u201d e oggi ne abbiamo avuto una prova, rispetto alla prima gara in Austria la pista di fondo qui \u00e8 totalmente diversa, la neve fresca rallenta un po\u2019 la pista ed oggi era un po\u2019 pi\u00f9 dura. Ho avuto la fortuna di avere l\u2019americano Fletcher che oggi \u00e8 andato forte e mi ha dato una mano, abbiamo recuperato bene, il distacco dai primi venti non era poco. C\u2019erano dei bei buchi e avere qualcuno a darmi una mano mi ha sicuramente aiutato&#8221;.<\/p>\n<p lang=\"it-IT\" align=\"JUSTIFY\"><span style=\"color: #222222\"><span style=\"font-size: medium\"><b>RAFFAELE BUZZI: &#8220;<\/b><\/span><\/span><span style=\"color: #222222\">La competizione di oggi \u00e8 andata bene, \u00e8 stata dura come sempre ma mi sono trovato meglio degli altri anni, quindi sono contento. Gareggiare su questa neve \u00e8 stato un po\u2019 difficile; la nevicata di stanotte si \u00e8 sentita e ha reso la gara leggermente pi\u00f9 complicata e competitiva. Nel salto invece non ha per niente rallentato lo stacco, la velocit\u00e0 era la stessa di ieri grazie all\u2019ottimo lavoro dei soffiatori&#8221;.<\/span><\/p>\n<p>Sabato appuntamento con la team sprint: salto alla 10, la 2&#215;7.5 km di fondo alle 13.30.<\/p>\n<p><a href=\"https:\/\/www.fis-ski.com\/DB\/general\/results.html?sectorcode=NK&amp;raceid=2575\">CLASSIFICA<\/a><\/p>\n<p><em><strong>(nelle foto Newspower, Pittin e Buzzi)<\/strong><\/em><\/p>\n","protected":false},"excerpt":{"rendered":"<p>In Val di Fiemme belle prestazioni, soprattutto nel fondo, dei due esponenti FVG, rispettivamente 14\u00b0 e 24\u00b0<\/p>\n","protected":false},"author":4,"featured_media":73607,"comment_status":"closed","ping_status":"closed","sticky":false,"template":"","format":"standard","meta":{"_acf_changed":false,"footnotes":""},"categories":[14,10],"tags":[],"acf":[],"_links":{"self":[{"href":"https:\/\/comitati.fisi.org\/friuli-venezia-giulia\/wp-json\/wp\/v2\/posts\/73604"}],"collection":[{"href":"https:\/\/comitati.fisi.org\/friuli-venezia-giulia\/wp-json\/wp\/v2\/posts"}],"about":[{"href":"https:\/\/comitati.fisi.org\/friuli-venezia-giulia\/wp-json\/wp\/v2\/types\/post"}],"author":[{"embeddable":true,"href":"https:\/\/comitati.fisi.org\/friuli-venezia-giulia\/wp-json\/wp\/v2\/users\/4"}],"replies":[{"embeddable":true,"href":"https:\/\/comitati.fisi.org\/friuli-venezia-giulia\/wp-json\/wp\/v2\/comments?post=73604"}],"version-history":[{"count":0,"href":"https:\/\/comitati.fisi.org\/friuli-venezia-giulia\/wp-json\/wp\/v2\/posts\/73604\/revisions"}],"wp:featuredmedia":[{"embeddable":true,"href":"https:\/\/comitati.fisi.org\/friuli-venezia-giulia\/wp-json\/wp\/v2\/media\/73607"}],"wp:attachment":[{"href":"https:\/\/comitati.fisi.org\/friuli-venezia-giulia\/wp-json\/wp\/v2\/media?parent=73604"}],"wp:term":[{"taxonomy":"category","embeddable":true,"href":"https:\/\/comitati.fisi.org\/friuli-venezia-giulia\/wp-json\/wp\/v2\/categories?post=73604"},{"taxonomy":"post_tag","embeddable":true,"href":"https:\/\/comitati.fisi.org\/friuli-venezia-giulia\/wp-json\/wp\/v2\/tags?post=73604"}],"curies":[{"name":"wp","href":"https:\/\/api.w.org\/{rel}","templated":true}]}}