{"id":73567,"date":"2021-01-14T14:49:03","date_gmt":"2021-01-14T13:49:03","guid":{"rendered":"https:\/\/www.fisifvg.org\/?p=73567"},"modified":"2021-01-14T14:49:03","modified_gmt":"2021-01-14T13:49:03","slug":"prime-gare-della-stagione-per-godino-e-gli-altri-azzurri-dello-sbx","status":"publish","type":"post","link":"https:\/\/comitati.fisi.org\/friuli-venezia-giulia\/blog\/2021\/01\/14\/prime-gare-della-stagione-per-godino-e-gli-altri-azzurri-dello-sbx\/","title":{"rendered":"Prime gare della stagione per Godino e gli altri azzurri dello sbx"},"content":{"rendered":"<p>Stagione finita per Emanauel Perathoner. Il 34enne del Centro Sportivo Esercito, impegnato a Colere (Bg) nel raduno delle squadre di snowboardcross di Coppa del mondo e Coppa Europa, si \u00e8 procurato la frattura del piatto tibiale della gamba sinistra e verr\u00e0 operato nella giornata di venerd\u00ec 15 gennaio presso l&#8217;Istituto Ortopedico Galeazzi di Milano dai dottori Andrea Panzeri e Gabriele Thiebat della Commissione Medica FISI.<\/p>\n<p>Sulla pista bergamasca sono in programma sabato 16 e domenica 17 gennaio due gare FIS alle quali prenderanno parte Omar Visintin, Lorenzo Sommariva, Tommaso Leoni, Filippo Ferrari, <strong>Michele Godino <em>(nella foto)<\/em><\/strong><em>,<\/em> Francesca Gallina, Raffaella Brutto, Michela Moioli, Sofia Belingheri, Thomas Belingheri, Devin Castello, Matteo Menconi, Caterina Carpano<\/p>\n","protected":false},"excerpt":{"rendered":"<p>Sulla pista di Colere sono in programma sabato 16 e domenica 17 gennaio due prove FIS<\/p>\n","protected":false},"author":4,"featured_media":71603,"comment_status":"closed","ping_status":"closed","sticky":false,"template":"","format":"standard","meta":{"_acf_changed":false,"footnotes":""},"categories":[18],"tags":[],"acf":[],"_links":{"self":[{"href":"https:\/\/comitati.fisi.org\/friuli-venezia-giulia\/wp-json\/wp\/v2\/posts\/73567"}],"collection":[{"href":"https:\/\/comitati.fisi.org\/friuli-venezia-giulia\/wp-json\/wp\/v2\/posts"}],"about":[{"href":"https:\/\/comitati.fisi.org\/friuli-venezia-giulia\/wp-json\/wp\/v2\/types\/post"}],"author":[{"embeddable":true,"href":"https:\/\/comitati.fisi.org\/friuli-venezia-giulia\/wp-json\/wp\/v2\/users\/4"}],"replies":[{"embeddable":true,"href":"https:\/\/comitati.fisi.org\/friuli-venezia-giulia\/wp-json\/wp\/v2\/comments?post=73567"}],"version-history":[{"count":0,"href":"https:\/\/comitati.fisi.org\/friuli-venezia-giulia\/wp-json\/wp\/v2\/posts\/73567\/revisions"}],"wp:featuredmedia":[{"embeddable":true,"href":"https:\/\/comitati.fisi.org\/friuli-venezia-giulia\/wp-json\/wp\/v2\/media\/71603"}],"wp:attachment":[{"href":"https:\/\/comitati.fisi.org\/friuli-venezia-giulia\/wp-json\/wp\/v2\/media?parent=73567"}],"wp:term":[{"taxonomy":"category","embeddable":true,"href":"https:\/\/comitati.fisi.org\/friuli-venezia-giulia\/wp-json\/wp\/v2\/categories?post=73567"},{"taxonomy":"post_tag","embeddable":true,"href":"https:\/\/comitati.fisi.org\/friuli-venezia-giulia\/wp-json\/wp\/v2\/tags?post=73567"}],"curies":[{"name":"wp","href":"https:\/\/api.w.org\/{rel}","templated":true}]}}