{"id":73557,"date":"2021-01-14T13:34:57","date_gmt":"2021-01-14T12:34:57","guid":{"rendered":"https:\/\/www.fisifvg.org\/?p=73557"},"modified":"2021-01-14T13:34:57","modified_gmt":"2021-01-14T12:34:57","slug":"hans-vaccari-ritorna-in-coppa-del-mondo-sara-al-via-degli-slalom-di-flachau","status":"publish","type":"post","link":"https:\/\/comitati.fisi.org\/friuli-venezia-giulia\/blog\/2021\/01\/14\/hans-vaccari-ritorna-in-coppa-del-mondo-sara-al-via-degli-slalom-di-flachau\/","title":{"rendered":"Hans Vaccari ritorna in Coppa del Mondo, sar\u00e0 al via degli slalom di Flachau"},"content":{"rendered":"<p>Dopo due spostamenti di sede, \u00e8 finalmente arrivato il momento per riprendere la Coppa del mondo con i due slalom di Flachau. Sulle nevi salisburghesi ci saranno due gare importanti per la classifica di specialit\u00e0 e per tornare a vedere i migliori interpreti dei &#8220;rapid gates&#8221; del mondo.<br \/>\nI convocati italiani per le gare sono nove: Manfred Moelgg, in crescita di rendimento e migliore degli azzurri nell&#8217;ultimo slalom di Adelboden, Alex Vinatzer, reduce da due inforcate e quindi ben determinato a tornare a fare risultato, dopo il podio di Campiglio. Quindi Federico Liberatore, Stefano Gross, Tommaso Sala, Giuliano Razzoli, Simon Maurberger, Riccardo Tonetti e<strong> Hans Vaccari (<em>nella foto).<\/em><\/strong><br \/>\nIl primo slalom, sabato 16 gennaio, prender\u00e0 il via alle 9.30, con seconda manche alle 12.30.<br \/>\nLa gara della domenica, recupero dell&#8217;Hahnenkamm rennen, prender\u00e0 il via alle 10.30, con seconda manche alle 13.45.<br \/>\nLa classifica di specialit\u00e0 vede al comando l&#8217;austriaco Marco Schwarz con 249 punti, che prover\u00e0 a difendere il pettorale rosso sulle nevi di casa. Al secondo posto c&#8217;\u00e8 il tedesco Linus Strasser, a quota 233, e terzo \u00e8 Manuel Feller, con 210 punti. Il miglior azzurro \u00e8 Alex Vinatzer, nono con 110 punti.<\/p>\n","protected":false},"excerpt":{"rendered":"<p>Belle notizie per il 24enne pontebbano scuola Sci CAI Monte Lussari<\/p>\n","protected":false},"author":4,"featured_media":73184,"comment_status":"closed","ping_status":"closed","sticky":false,"template":"","format":"standard","meta":{"_acf_changed":false,"footnotes":""},"categories":[10,15],"tags":[],"acf":[],"_links":{"self":[{"href":"https:\/\/comitati.fisi.org\/friuli-venezia-giulia\/wp-json\/wp\/v2\/posts\/73557"}],"collection":[{"href":"https:\/\/comitati.fisi.org\/friuli-venezia-giulia\/wp-json\/wp\/v2\/posts"}],"about":[{"href":"https:\/\/comitati.fisi.org\/friuli-venezia-giulia\/wp-json\/wp\/v2\/types\/post"}],"author":[{"embeddable":true,"href":"https:\/\/comitati.fisi.org\/friuli-venezia-giulia\/wp-json\/wp\/v2\/users\/4"}],"replies":[{"embeddable":true,"href":"https:\/\/comitati.fisi.org\/friuli-venezia-giulia\/wp-json\/wp\/v2\/comments?post=73557"}],"version-history":[{"count":0,"href":"https:\/\/comitati.fisi.org\/friuli-venezia-giulia\/wp-json\/wp\/v2\/posts\/73557\/revisions"}],"wp:featuredmedia":[{"embeddable":true,"href":"https:\/\/comitati.fisi.org\/friuli-venezia-giulia\/wp-json\/wp\/v2\/media\/73184"}],"wp:attachment":[{"href":"https:\/\/comitati.fisi.org\/friuli-venezia-giulia\/wp-json\/wp\/v2\/media?parent=73557"}],"wp:term":[{"taxonomy":"category","embeddable":true,"href":"https:\/\/comitati.fisi.org\/friuli-venezia-giulia\/wp-json\/wp\/v2\/categories?post=73557"},{"taxonomy":"post_tag","embeddable":true,"href":"https:\/\/comitati.fisi.org\/friuli-venezia-giulia\/wp-json\/wp\/v2\/tags?post=73557"}],"curies":[{"name":"wp","href":"https:\/\/api.w.org\/{rel}","templated":true}]}}