{"id":73510,"date":"2021-01-12T16:50:09","date_gmt":"2021-01-12T15:50:09","guid":{"rendered":"https:\/\/www.fisifvg.org\/?p=73510"},"modified":"2021-01-12T16:50:09","modified_gmt":"2021-01-12T15:50:09","slug":"buzzi-e-pittin-in-gara-nella-tappa-italiana-della-coppa-del-mondo-di-combinata-nordica","status":"publish","type":"post","link":"https:\/\/comitati.fisi.org\/friuli-venezia-giulia\/blog\/2021\/01\/12\/buzzi-e-pittin-in-gara-nella-tappa-italiana-della-coppa-del-mondo-di-combinata-nordica\/","title":{"rendered":"Buzzi e Pittin in gara nella tappa italiana della Coppa del Mondo di combinata nordica"},"content":{"rendered":"<p>La Coppa del mondo di combinata nordica apre il 2021 con la tappa di Val di Fiemme,\u00a0 un appuntamento fisso nel calendario. Fra il trampolino HS106 di Predazzo e la pista di Lago di Tesero sono in programma due Gundersen venerd\u00ec 15 e domenica 17 gennaio e una team sprint sabato 16 gennaio, per le quali sono state convocati sette atleti: Samuel Costa, Aaron Kostner, <strong>Alessandro Pittin, Raffaele Buzzi,<\/strong> Giulio Bezzi, Stefano Radovan e Domenico Mariotti. La classifica generale \u00e8 comandata dal norvegese Jarl Magnus Riiber con 360 punti davanti all&#8217;austriaco Johannes Lamparter con 265 e al tedesco Vincenz Geiger con 251, Samuel Costa \u00e8 23simo con 45 punti.<\/p>\n<p>&#8220;E&#8217; una stagione molto particolare, con tanto stress anche fuori dalle piste per organizzaare al meglio l&#8217;attivit\u00e0 &#8211; afferma Rigoni -. Arriviamo da un raduno a Oberstdorf, dove, oltre a provare il trampolino e le piste dei Mondiali di febbraio, abbiamo affinato la nostra tecnica per stabilizzare il salto, consapevoli che il livello medio si \u00e8 alzato ulteriormente. C&#8217;\u00e8 fiducia in squadra, puntiamo ovviamente sui nostri uomini pi\u00f9 esperti, ma faremo gareggiare anche i pi\u00f9 giovani, per vedere all&#8217;opera i loro miglioramenti&#8221;.<\/p>\n","protected":false},"excerpt":{"rendered":"<p>Fra il trampolino HS106 di Predazzo e la pista di Lago di Tesero sono in programma due Gundersen venerd\u00ec 15 e domenica 17 gennaio e una team sprint sabato 16<\/p>\n","protected":false},"author":4,"featured_media":71575,"comment_status":"closed","ping_status":"closed","sticky":false,"template":"","format":"standard","meta":{"_acf_changed":false,"footnotes":""},"categories":[14],"tags":[],"acf":[],"_links":{"self":[{"href":"https:\/\/comitati.fisi.org\/friuli-venezia-giulia\/wp-json\/wp\/v2\/posts\/73510"}],"collection":[{"href":"https:\/\/comitati.fisi.org\/friuli-venezia-giulia\/wp-json\/wp\/v2\/posts"}],"about":[{"href":"https:\/\/comitati.fisi.org\/friuli-venezia-giulia\/wp-json\/wp\/v2\/types\/post"}],"author":[{"embeddable":true,"href":"https:\/\/comitati.fisi.org\/friuli-venezia-giulia\/wp-json\/wp\/v2\/users\/4"}],"replies":[{"embeddable":true,"href":"https:\/\/comitati.fisi.org\/friuli-venezia-giulia\/wp-json\/wp\/v2\/comments?post=73510"}],"version-history":[{"count":0,"href":"https:\/\/comitati.fisi.org\/friuli-venezia-giulia\/wp-json\/wp\/v2\/posts\/73510\/revisions"}],"wp:featuredmedia":[{"embeddable":true,"href":"https:\/\/comitati.fisi.org\/friuli-venezia-giulia\/wp-json\/wp\/v2\/media\/71575"}],"wp:attachment":[{"href":"https:\/\/comitati.fisi.org\/friuli-venezia-giulia\/wp-json\/wp\/v2\/media?parent=73510"}],"wp:term":[{"taxonomy":"category","embeddable":true,"href":"https:\/\/comitati.fisi.org\/friuli-venezia-giulia\/wp-json\/wp\/v2\/categories?post=73510"},{"taxonomy":"post_tag","embeddable":true,"href":"https:\/\/comitati.fisi.org\/friuli-venezia-giulia\/wp-json\/wp\/v2\/tags?post=73510"}],"curies":[{"name":"wp","href":"https:\/\/api.w.org\/{rel}","templated":true}]}}