{"id":73466,"date":"2021-01-11T16:21:53","date_gmt":"2021-01-11T15:21:53","guid":{"rendered":"https:\/\/www.fisifvg.org\/?p=73466"},"modified":"2021-01-11T16:21:53","modified_gmt":"2021-01-11T15:21:53","slug":"troppi-contagi-a-wengen-niente-gare-di-coppa-del-mondo-per-buzzic","status":"publish","type":"post","link":"https:\/\/comitati.fisi.org\/friuli-venezia-giulia\/blog\/2021\/01\/11\/troppi-contagi-a-wengen-niente-gare-di-coppa-del-mondo-per-buzzic\/","title":{"rendered":"Troppi contagi a Wengen, niente gare di Coppa del Mondo per Buzzi&amp;C."},"content":{"rendered":"<p>La Federazione internazionale dello Sci ha comunicato che le gare di Coppa del Mondo di sci alpino, previste a Wengen nel prossimo fine settimana, sono cancellate a causa della complessa situazione sanitaria in corso nell&#8217;Oberland bernese. Le autorit\u00e0 sanitarie del Cantone di Berna hanno stabilito che non ci sono le condizioni per una tutela certa della salute degli atleti e degli staff. Non andr\u00e0 dunque in scena il week-end del Lauberhorn, alle quali avrebbe partecipato anche <strong>Emanuele Buzzi (<em>nella foto),<\/em><\/strong> allo scopo di preservare la salute degli atleti e degli staff tecnici, con il principale obiettivo di salvaguardare le successive tappe di Coppa del mondo e i Campionati Mondiali di Cortina.<\/p>\n<p>Il recupero delle gare cancellate a Wengen avverr\u00e0 a Kitzbuehel gi\u00e0 dalla fine di questa settimana, e andr\u00e0 a comporre un super programma che per\u00f2 garantir\u00e0 agli atleti la massima sicurezza.<br \/>\nSi comincia infatti sabato 16 e domenica 17 con i due slalom, quello appena annullato sul Lauberhorn e quello classico dell&#8217;Hahnenkamm, che sar\u00e0 quindi anticipato di una settimana.<br \/>\nQuindi, la prossima settimana, sar\u00e0 il turno delle discipline veloci: tre prove della discesa da marted\u00ec 19 a gioved\u00ec 21, quindi venerd\u00ec 22 la discesa che rimpiazza quella di Wengen, sabato 23 la discesa dell&#8217;Hahnenkamm e domenica 24 il superG dell&#8217;Hahnenkamm. Rimane da recuperare la seconda discesa cancellata a Wengen, che sar\u00e0 piazzata pi\u00f9 avanti nel calendario.<\/p>\n<p>Ecco il nuovo programma di Kitzbuehel:<\/p>\n<p><strong>sabato 16 gennaio &#8211; slalom (ex Wengen)<\/strong><br \/>\n<strong>domenica 17 gennaio &#8211; slalom Hahnenkamm alle 10.15\/13.15<\/strong><\/p>\n<p><strong>marted\u00ec 19 gennaio &#8211; prima prova discesa<\/strong><br \/>\n<strong>mercoled\u00ec 20 gennaio &#8211; seconda prova discesa<\/strong><br \/>\n<strong>gioved\u00ec 21 gennaio &#8211; terza prova discesa<\/strong><\/p>\n<p><strong>venerd\u00ec 22 gennaio &#8211; discesa (recupero Wengen) alle 11.30<\/strong><br \/>\n<strong>sabato 23 gennaio &#8211; discesa dell&#8217;Hahnenkamm alle 11.30<\/strong><br \/>\n<strong>domenica 24 gennaio &#8211; superG dell&#8217;Hahnenkamm<\/strong><\/p>\n","protected":false},"excerpt":{"rendered":"<p>Le autorit\u00e0 sanitarie del Cantone di Berna hanno stabilito che non ci sono le condizioni per una tutela certa della salute degli atleti e degli staff<\/p>\n","protected":false},"author":4,"featured_media":72862,"comment_status":"closed","ping_status":"closed","sticky":false,"template":"","format":"standard","meta":{"_acf_changed":false,"footnotes":""},"categories":[15],"tags":[],"acf":[],"_links":{"self":[{"href":"https:\/\/comitati.fisi.org\/friuli-venezia-giulia\/wp-json\/wp\/v2\/posts\/73466"}],"collection":[{"href":"https:\/\/comitati.fisi.org\/friuli-venezia-giulia\/wp-json\/wp\/v2\/posts"}],"about":[{"href":"https:\/\/comitati.fisi.org\/friuli-venezia-giulia\/wp-json\/wp\/v2\/types\/post"}],"author":[{"embeddable":true,"href":"https:\/\/comitati.fisi.org\/friuli-venezia-giulia\/wp-json\/wp\/v2\/users\/4"}],"replies":[{"embeddable":true,"href":"https:\/\/comitati.fisi.org\/friuli-venezia-giulia\/wp-json\/wp\/v2\/comments?post=73466"}],"version-history":[{"count":0,"href":"https:\/\/comitati.fisi.org\/friuli-venezia-giulia\/wp-json\/wp\/v2\/posts\/73466\/revisions"}],"wp:featuredmedia":[{"embeddable":true,"href":"https:\/\/comitati.fisi.org\/friuli-venezia-giulia\/wp-json\/wp\/v2\/media\/72862"}],"wp:attachment":[{"href":"https:\/\/comitati.fisi.org\/friuli-venezia-giulia\/wp-json\/wp\/v2\/media?parent=73466"}],"wp:term":[{"taxonomy":"category","embeddable":true,"href":"https:\/\/comitati.fisi.org\/friuli-venezia-giulia\/wp-json\/wp\/v2\/categories?post=73466"},{"taxonomy":"post_tag","embeddable":true,"href":"https:\/\/comitati.fisi.org\/friuli-venezia-giulia\/wp-json\/wp\/v2\/tags?post=73466"}],"curies":[{"name":"wp","href":"https:\/\/api.w.org\/{rel}","templated":true}]}}