{"id":73463,"date":"2021-01-11T12:14:33","date_gmt":"2021-01-11T11:14:33","guid":{"rendered":"https:\/\/www.fisifvg.org\/?p=73463"},"modified":"2021-01-11T12:14:33","modified_gmt":"2021-01-11T11:14:33","slug":"lara-della-mea-a-flachau-per-il-quinto-slalom-stagionale-di-coppa-del-mondo","status":"publish","type":"post","link":"https:\/\/comitati.fisi.org\/friuli-venezia-giulia\/blog\/2021\/01\/11\/lara-della-mea-a-flachau-per-il-quinto-slalom-stagionale-di-coppa-del-mondo\/","title":{"rendered":"Lara Della Mea a Flachau per il quinto slalom stagionale di Coppa del mondo"},"content":{"rendered":"<p>Quinto slalom femminile della stagione di Coppa del mondo di sci alpino dopo i due di Levi, Semmering e Zagabria. Questa volta sar\u00e0 la pista austriaca di Flachau intitolata ad Hermann Maier ad ospitare marted\u00ec 12 gennaio la gara notturna fra i pali stretti. La prima manche \u00e8 prevista alle ore 18.00, la seconda alle 20.45 con diretta televisiva su Raisport ed Eurosport.<\/p>\n<p>La vincitrice delle due passate edizioni \u00e8 Petra Vlhova, mentre Mikaela Shfiffrin trionf\u00f2 tre anni fa. L&#8217;Italia si presenter\u00e0 al via con sei atlete: oltre alle colludate Irene Curtoni (alla tredicesima presenza totale, con un nono posto nel 2016 quale migliore piazzamento), Marta Rossetti (che proprio su questa pista conquist\u00f2 l&#8217;anno passato i primi punti in carriera con il ventiduesimo posto), Martina Peterlini e <strong>Lara Della Mea <em>(nella foto),<\/em><\/strong> ci saranno la ligure Serena Viviani (al secondo gettone dopo Levi, reduce dal terzo posto in Coppa Europa sulla pista francese di Vaujany) e Anita Gulli, anche lei quinta nella gara transalpina di domencia scorsa.<\/p>\n","protected":false},"excerpt":{"rendered":"<p>Appuntamento marted\u00ec 12 gennaio, con prima manche alle 18 e seconda alle 20.45<\/p>\n","protected":false},"author":4,"featured_media":73079,"comment_status":"closed","ping_status":"closed","sticky":false,"template":"","format":"standard","meta":{"_acf_changed":false,"footnotes":""},"categories":[15],"tags":[],"acf":[],"_links":{"self":[{"href":"https:\/\/comitati.fisi.org\/friuli-venezia-giulia\/wp-json\/wp\/v2\/posts\/73463"}],"collection":[{"href":"https:\/\/comitati.fisi.org\/friuli-venezia-giulia\/wp-json\/wp\/v2\/posts"}],"about":[{"href":"https:\/\/comitati.fisi.org\/friuli-venezia-giulia\/wp-json\/wp\/v2\/types\/post"}],"author":[{"embeddable":true,"href":"https:\/\/comitati.fisi.org\/friuli-venezia-giulia\/wp-json\/wp\/v2\/users\/4"}],"replies":[{"embeddable":true,"href":"https:\/\/comitati.fisi.org\/friuli-venezia-giulia\/wp-json\/wp\/v2\/comments?post=73463"}],"version-history":[{"count":0,"href":"https:\/\/comitati.fisi.org\/friuli-venezia-giulia\/wp-json\/wp\/v2\/posts\/73463\/revisions"}],"wp:featuredmedia":[{"embeddable":true,"href":"https:\/\/comitati.fisi.org\/friuli-venezia-giulia\/wp-json\/wp\/v2\/media\/73079"}],"wp:attachment":[{"href":"https:\/\/comitati.fisi.org\/friuli-venezia-giulia\/wp-json\/wp\/v2\/media?parent=73463"}],"wp:term":[{"taxonomy":"category","embeddable":true,"href":"https:\/\/comitati.fisi.org\/friuli-venezia-giulia\/wp-json\/wp\/v2\/categories?post=73463"},{"taxonomy":"post_tag","embeddable":true,"href":"https:\/\/comitati.fisi.org\/friuli-venezia-giulia\/wp-json\/wp\/v2\/tags?post=73463"}],"curies":[{"name":"wp","href":"https:\/\/api.w.org\/{rel}","templated":true}]}}