{"id":73457,"date":"2021-01-11T10:30:27","date_gmt":"2021-01-11T09:30:27","guid":{"rendered":"https:\/\/www.fisifvg.org\/?p=73457"},"modified":"2021-01-11T10:30:27","modified_gmt":"2021-01-11T09:30:27","slug":"due-giornate-di-allenamenti-per-la-rappresentativa-eyof-2023-di-sci-alpino","status":"publish","type":"post","link":"https:\/\/comitati.fisi.org\/friuli-venezia-giulia\/blog\/2021\/01\/11\/due-giornate-di-allenamenti-per-la-rappresentativa-eyof-2023-di-sci-alpino\/","title":{"rendered":"Due giornate di allenamenti per la rappresentativa EYOF 2023 di sci alpino"},"content":{"rendered":"<p>La Commissione sci alpino del Comitato FISI FVG, su indicazione del D.T. Tristano Vicario, ha programmato due giornate di allenamento per la rappresentativa Children &#8220;EYOF 2023\u2033 di sci alpino.<br \/>\nLa prima \u00e8 in programma marted\u00ec 12 gennaio sullo Zoncolan, dedicata al gigante, la seconda gioved\u00ec 14 a Tarvisio, con gigante e slalom.<strong><br \/>\n<\/strong><\/p>\n<p>Sono convocati i seguenti atleti.<\/p>\n<p><strong>SETTORE MASCHILE<\/strong><\/p>\n<div id='gallery-1' class='gallery galleryid-73457 gallery-columns-4 gallery-size-thumbnail'><dl class='gallery-item'>\n\t\t\t<dt class='gallery-icon landscape'>\n\t\t\t\t<a href='https:\/\/comitati.fisi.org\/friuli-venezia-giulia\/blog\/2020\/12\/17\/il-calendario-20-21-della-gare-fis-di-sci-alpino-sulle-piste-fvg\/alpino-2021-davide-princi-sq\/'><img loading=\"lazy\" decoding=\"async\" width=\"150\" height=\"150\" src=\"https:\/\/comitati.fisi.org\/friuli-venezia-giulia\/wp-content\/uploads\/sites\/34\/2020\/12\/ALPINO-2021-Davide-Princi-sq-150x150.jpeg\" class=\"attachment-thumbnail size-thumbnail\" alt=\"\" aria-describedby=\"gallery-1-72523\" srcset=\"https:\/\/comitati.fisi.org\/friuli-venezia-giulia\/wp-content\/uploads\/sites\/34\/2020\/12\/ALPINO-2021-Davide-Princi-sq-150x150.jpeg 150w, https:\/\/comitati.fisi.org\/friuli-venezia-giulia\/wp-content\/uploads\/sites\/34\/2020\/12\/ALPINO-2021-Davide-Princi-sq.jpeg 300w\" sizes=\"(max-width: 150px) 100vw, 150px\" \/><\/a>\n\t\t\t<\/dt>\n\t\t\t\t<dd class='wp-caption-text gallery-caption' id='gallery-1-72523'>\n\t\t\t\tDAVIDE PRINCI\nSci CAI Monte Lussari\n\t\t\t\t<\/dd><\/dl><dl class='gallery-item'>\n\t\t\t<dt class='gallery-icon landscape'>\n\t\t\t\t<a href='https:\/\/comitati.fisi.org\/friuli-venezia-giulia\/blog\/2020\/12\/17\/il-calendario-20-21-della-gare-fis-di-sci-alpino-sulle-piste-fvg\/alpino-2021-mattias-piller-cottrer-sq\/'><img loading=\"lazy\" decoding=\"async\" width=\"150\" height=\"150\" src=\"https:\/\/comitati.fisi.org\/friuli-venezia-giulia\/wp-content\/uploads\/sites\/34\/2020\/12\/ALPINO-2021-Mattias-PIller-Cottrer-sq-150x150.jpeg\" class=\"attachment-thumbnail size-thumbnail\" alt=\"\" aria-describedby=\"gallery-1-72521\" srcset=\"https:\/\/comitati.fisi.org\/friuli-venezia-giulia\/wp-content\/uploads\/sites\/34\/2020\/12\/ALPINO-2021-Mattias-PIller-Cottrer-sq-150x150.jpeg 150w, https:\/\/comitati.fisi.org\/friuli-venezia-giulia\/wp-content\/uploads\/sites\/34\/2020\/12\/ALPINO-2021-Mattias-PIller-Cottrer-sq.jpeg 300w\" sizes=\"(max-width: 150px) 100vw, 150px\" \/><\/a>\n\t\t\t<\/dt>\n\t\t\t\t<dd class='wp-caption-text gallery-caption' id='gallery-1-72521'>\n\t\t\t\tMATTIAS PILLER COTTRER\nSci Club Sappada\n\t\t\t\t<\/dd><\/dl><dl class='gallery-item'>\n\t\t\t<dt class='gallery-icon landscape'>\n\t\t\t\t<a href='https:\/\/comitati.fisi.org\/friuli-venezia-giulia\/blog\/2020\/12\/17\/il-calendario-20-21-della-gare-fis-di-sci-alpino-sulle-piste-fvg\/alpino-2021-luca-spaliviero-sq\/'><img loading=\"lazy\" decoding=\"async\" width=\"150\" height=\"150\" src=\"https:\/\/comitati.fisi.org\/friuli-venezia-giulia\/wp-content\/uploads\/sites\/34\/2020\/12\/ALPINO-2021-Luca-Spaliviero-sq-150x150.jpeg\" class=\"attachment-thumbnail size-thumbnail\" alt=\"\" aria-describedby=\"gallery-1-72527\" srcset=\"https:\/\/comitati.fisi.org\/friuli-venezia-giulia\/wp-content\/uploads\/sites\/34\/2020\/12\/ALPINO-2021-Luca-Spaliviero-sq-150x150.jpeg 150w, https:\/\/comitati.fisi.org\/friuli-venezia-giulia\/wp-content\/uploads\/sites\/34\/2020\/12\/ALPINO-2021-Luca-Spaliviero-sq.jpeg 300w\" sizes=\"(max-width: 150px) 100vw, 150px\" \/><\/a>\n\t\t\t<\/dt>\n\t\t\t\t<dd class='wp-caption-text gallery-caption' id='gallery-1-72527'>\n\t\t\t\tLUCA SPALIVIERO\n2006\n\t\t\t\t<\/dd><\/dl><dl class='gallery-item'>\n\t\t\t<dt class='gallery-icon landscape'>\n\t\t\t\t<a href='https:\/\/comitati.fisi.org\/friuli-venezia-giulia\/blog\/2020\/12\/17\/il-calendario-20-21-della-gare-fis-di-sci-alpino-sulle-piste-fvg\/alpino-2021-alvaro-del-pino-sq\/'><img loading=\"lazy\" decoding=\"async\" width=\"150\" height=\"150\" src=\"https:\/\/comitati.fisi.org\/friuli-venezia-giulia\/wp-content\/uploads\/sites\/34\/2020\/12\/ALPINO-2021-Alvaro-Del-Pino-sq-150x150.jpeg\" class=\"attachment-thumbnail size-thumbnail\" alt=\"\" aria-describedby=\"gallery-1-72519\" srcset=\"https:\/\/comitati.fisi.org\/friuli-venezia-giulia\/wp-content\/uploads\/sites\/34\/2020\/12\/ALPINO-2021-Alvaro-Del-Pino-sq-150x150.jpeg 150w, https:\/\/comitati.fisi.org\/friuli-venezia-giulia\/wp-content\/uploads\/sites\/34\/2020\/12\/ALPINO-2021-Alvaro-Del-Pino-sq.jpeg 300w\" sizes=\"(max-width: 150px) 100vw, 150px\" \/><\/a>\n\t\t\t<\/dt>\n\t\t\t\t<dd class='wp-caption-text gallery-caption' id='gallery-1-72519'>\n\t\t\t\tALVARO DEL PINO CABALLERO\nBachmann Sport College\n\t\t\t\t<\/dd><\/dl><dl class='gallery-item'>\n\t\t\t<dt class='gallery-icon landscape'>\n\t\t\t\t<a href='https:\/\/comitati.fisi.org\/friuli-venezia-giulia\/blog\/2020\/12\/17\/il-calendario-20-21-della-gare-fis-di-sci-alpino-sulle-piste-fvg\/alpino-2021-davide-stipcovich-sq\/'><img loading=\"lazy\" decoding=\"async\" width=\"150\" height=\"150\" src=\"https:\/\/comitati.fisi.org\/friuli-venezia-giulia\/wp-content\/uploads\/sites\/34\/2020\/12\/ALPINO-2021-Davide-Stipcovich-sq-150x150.jpeg\" class=\"attachment-thumbnail size-thumbnail\" alt=\"\" aria-describedby=\"gallery-1-72526\" srcset=\"https:\/\/comitati.fisi.org\/friuli-venezia-giulia\/wp-content\/uploads\/sites\/34\/2020\/12\/ALPINO-2021-Davide-Stipcovich-sq-150x150.jpeg 150w, https:\/\/comitati.fisi.org\/friuli-venezia-giulia\/wp-content\/uploads\/sites\/34\/2020\/12\/ALPINO-2021-Davide-Stipcovich-sq.jpeg 300w\" sizes=\"(max-width: 150px) 100vw, 150px\" \/><\/a>\n\t\t\t<\/dt>\n\t\t\t\t<dd class='wp-caption-text gallery-caption' id='gallery-1-72526'>\n\t\t\t\tDAVIDE STIPCOVICH\nSci CAI XXX Ottobre\n\t\t\t\t<\/dd><\/dl><dl class='gallery-item'>\n\t\t\t<dt class='gallery-icon landscape'>\n\t\t\t\t<a href='https:\/\/comitati.fisi.org\/friuli-venezia-giulia\/blog\/2020\/12\/23\/andrea-craievich-seconda-nello-slalom-del-gp-italia-giovani-di-folgaria\/alpino-2021-nicolo-nevierov2\/'><img loading=\"lazy\" decoding=\"async\" width=\"150\" height=\"150\" src=\"https:\/\/comitati.fisi.org\/friuli-venezia-giulia\/wp-content\/uploads\/sites\/34\/2020\/12\/ALPINO-2021-Nicolo-Nevierov2-150x150.jpeg\" class=\"attachment-thumbnail size-thumbnail\" alt=\"\" aria-describedby=\"gallery-1-72817\" srcset=\"https:\/\/comitati.fisi.org\/friuli-venezia-giulia\/wp-content\/uploads\/sites\/34\/2020\/12\/ALPINO-2021-Nicolo-Nevierov2-150x150.jpeg 150w, https:\/\/comitati.fisi.org\/friuli-venezia-giulia\/wp-content\/uploads\/sites\/34\/2020\/12\/ALPINO-2021-Nicolo-Nevierov2.jpeg 300w\" sizes=\"(max-width: 150px) 100vw, 150px\" \/><\/a>\n\t\t\t<\/dt>\n\t\t\t\t<dd class='wp-caption-text gallery-caption' id='gallery-1-72817'>\n\t\t\t\tNICOL\u00d2 NEVIEROV\nBachmann Sport College\n\t\t\t\t<\/dd><\/dl><dl class='gallery-item'>\n\t\t\t<dt class='gallery-icon landscape'>\n\t\t\t\t<a href='https:\/\/comitati.fisi.org\/friuli-venezia-giulia\/blog\/2020\/12\/17\/il-calendario-20-21-della-gare-fis-di-sci-alpino-sulle-piste-fvg\/alpino-2021-franz-joseph-mulachie-sq\/'><img loading=\"lazy\" decoding=\"async\" width=\"150\" height=\"150\" src=\"https:\/\/comitati.fisi.org\/friuli-venezia-giulia\/wp-content\/uploads\/sites\/34\/2020\/12\/ALPINO-2021-Franz-Joseph-Mulachie-sq-150x150.jpeg\" class=\"attachment-thumbnail size-thumbnail\" alt=\"\" aria-describedby=\"gallery-1-72525\" srcset=\"https:\/\/comitati.fisi.org\/friuli-venezia-giulia\/wp-content\/uploads\/sites\/34\/2020\/12\/ALPINO-2021-Franz-Joseph-Mulachie-sq-150x150.jpeg 150w, https:\/\/comitati.fisi.org\/friuli-venezia-giulia\/wp-content\/uploads\/sites\/34\/2020\/12\/ALPINO-2021-Franz-Joseph-Mulachie-sq.jpeg 300w\" sizes=\"(max-width: 150px) 100vw, 150px\" \/><\/a>\n\t\t\t<\/dt>\n\t\t\t\t<dd class='wp-caption-text gallery-caption' id='gallery-1-72525'>\n\t\t\t\tFRANZ JOSEPH MULACHI\u00c8\nSci Club Pordenone\n\t\t\t\t<\/dd><\/dl>\n\t\t\t\n\t\t<\/div>\n\n<p><strong>SETTORE FEMMINILE<\/strong><\/p>\n<div id='gallery-2' class='gallery galleryid-73457 gallery-columns-4 gallery-size-thumbnail'><dl class='gallery-item'>\n\t\t\t<dt class='gallery-icon landscape'>\n\t\t\t\t<a href='https:\/\/comitati.fisi.org\/friuli-venezia-giulia\/blog\/2020\/12\/17\/il-calendario-20-21-della-gare-fis-di-sci-alpino-sulle-piste-fvg\/alpino-2021-alice-valdemarin-sq\/'><img loading=\"lazy\" decoding=\"async\" width=\"150\" height=\"150\" src=\"https:\/\/comitati.fisi.org\/friuli-venezia-giulia\/wp-content\/uploads\/sites\/34\/2020\/12\/ALPINO-2021-Alice-Valdemarin-sq-150x150.jpeg\" class=\"attachment-thumbnail size-thumbnail\" alt=\"\" aria-describedby=\"gallery-2-72522\" srcset=\"https:\/\/comitati.fisi.org\/friuli-venezia-giulia\/wp-content\/uploads\/sites\/34\/2020\/12\/ALPINO-2021-Alice-Valdemarin-sq-150x150.jpeg 150w, https:\/\/comitati.fisi.org\/friuli-venezia-giulia\/wp-content\/uploads\/sites\/34\/2020\/12\/ALPINO-2021-Alice-Valdemarin-sq.jpeg 300w\" sizes=\"(max-width: 150px) 100vw, 150px\" \/><\/a>\n\t\t\t<\/dt>\n\t\t\t\t<dd class='wp-caption-text gallery-caption' id='gallery-2-72522'>\n\t\t\t\tALICE VALDEMARIN\nSci Club Monte Canin\n\t\t\t\t<\/dd><\/dl><dl class='gallery-item'>\n\t\t\t<dt class='gallery-icon landscape'>\n\t\t\t\t<a href='https:\/\/comitati.fisi.org\/friuli-venezia-giulia\/blog\/2020\/12\/21\/allenamento-di-superg-a-tarvisio-per-la-rappresentativa-children-eyof-2023-di-sci-alpino\/alpino-2021-teresa-pascolat2-2\/'><img loading=\"lazy\" decoding=\"async\" width=\"150\" height=\"150\" src=\"https:\/\/comitati.fisi.org\/friuli-venezia-giulia\/wp-content\/uploads\/sites\/34\/2020\/12\/ALPINO-2021-Teresa-Pascolat2-150x150.jpeg\" class=\"attachment-thumbnail size-thumbnail\" alt=\"\" aria-describedby=\"gallery-2-72740\" srcset=\"https:\/\/comitati.fisi.org\/friuli-venezia-giulia\/wp-content\/uploads\/sites\/34\/2020\/12\/ALPINO-2021-Teresa-Pascolat2-150x150.jpeg 150w, https:\/\/comitati.fisi.org\/friuli-venezia-giulia\/wp-content\/uploads\/sites\/34\/2020\/12\/ALPINO-2021-Teresa-Pascolat2.jpeg 300w\" sizes=\"(max-width: 150px) 100vw, 150px\" \/><\/a>\n\t\t\t<\/dt>\n\t\t\t\t<dd class='wp-caption-text gallery-caption' id='gallery-2-72740'>\n\t\t\t\tTERESA PASCOLAT\n2006\n\t\t\t\t<\/dd><\/dl><dl class='gallery-item'>\n\t\t\t<dt class='gallery-icon landscape'>\n\t\t\t\t<a href='https:\/\/comitati.fisi.org\/friuli-venezia-giulia\/blog\/2020\/12\/23\/andrea-craievich-seconda-nello-slalom-del-gp-italia-giovani-di-folgaria\/alpino-2021-ginevra-quinz3\/'><img loading=\"lazy\" decoding=\"async\" width=\"150\" height=\"150\" src=\"https:\/\/comitati.fisi.org\/friuli-venezia-giulia\/wp-content\/uploads\/sites\/34\/2020\/12\/ALPINO-2021-Ginevra-Quinz3-150x150.jpeg\" class=\"attachment-thumbnail size-thumbnail\" alt=\"\" aria-describedby=\"gallery-2-72816\" srcset=\"https:\/\/comitati.fisi.org\/friuli-venezia-giulia\/wp-content\/uploads\/sites\/34\/2020\/12\/ALPINO-2021-Ginevra-Quinz3-150x150.jpeg 150w, https:\/\/comitati.fisi.org\/friuli-venezia-giulia\/wp-content\/uploads\/sites\/34\/2020\/12\/ALPINO-2021-Ginevra-Quinz3.jpeg 300w\" sizes=\"(max-width: 150px) 100vw, 150px\" \/><\/a>\n\t\t\t<\/dt>\n\t\t\t\t<dd class='wp-caption-text gallery-caption' id='gallery-2-72816'>\n\t\t\t\tGINEVRA QUINZ\nBachmann Sport College\n\t\t\t\t<\/dd><\/dl><dl class='gallery-item'>\n\t\t\t<dt class='gallery-icon landscape'>\n\t\t\t\t<a href='https:\/\/comitati.fisi.org\/friuli-venezia-giulia\/blog\/2020\/12\/17\/il-calendario-20-21-della-gare-fis-di-sci-alpino-sulle-piste-fvg\/alpino-2021-sofia-marchesi-sq\/'><img loading=\"lazy\" decoding=\"async\" width=\"150\" height=\"150\" src=\"https:\/\/comitati.fisi.org\/friuli-venezia-giulia\/wp-content\/uploads\/sites\/34\/2020\/12\/ALPINO-2021-Sofia-Marchesi-sq-150x150.jpeg\" class=\"attachment-thumbnail size-thumbnail\" alt=\"\" aria-describedby=\"gallery-2-72520\" srcset=\"https:\/\/comitati.fisi.org\/friuli-venezia-giulia\/wp-content\/uploads\/sites\/34\/2020\/12\/ALPINO-2021-Sofia-Marchesi-sq-150x150.jpeg 150w, https:\/\/comitati.fisi.org\/friuli-venezia-giulia\/wp-content\/uploads\/sites\/34\/2020\/12\/ALPINO-2021-Sofia-Marchesi-sq.jpeg 300w\" sizes=\"(max-width: 150px) 100vw, 150px\" \/><\/a>\n\t\t\t<\/dt>\n\t\t\t\t<dd class='wp-caption-text gallery-caption' id='gallery-2-72520'>\n\t\t\t\tSOFIA MARCHESI\nSci CAI XXX Ottobre\n\t\t\t\t<\/dd><\/dl><dl class='gallery-item'>\n\t\t\t<dt class='gallery-icon landscape'>\n\t\t\t\t<a href='https:\/\/comitati.fisi.org\/friuli-venezia-giulia\/blog\/2020\/12\/17\/il-calendario-20-21-della-gare-fis-di-sci-alpino-sulle-piste-fvg\/alpino-2021-ginevra-preschern-sq\/'><img loading=\"lazy\" decoding=\"async\" width=\"150\" height=\"150\" src=\"https:\/\/comitati.fisi.org\/friuli-venezia-giulia\/wp-content\/uploads\/sites\/34\/2020\/12\/ALPINO-2021-Ginevra-Preschern-sq-150x150.jpeg\" class=\"attachment-thumbnail size-thumbnail\" alt=\"\" aria-describedby=\"gallery-2-72524\" srcset=\"https:\/\/comitati.fisi.org\/friuli-venezia-giulia\/wp-content\/uploads\/sites\/34\/2020\/12\/ALPINO-2021-Ginevra-Preschern-sq-150x150.jpeg 150w, https:\/\/comitati.fisi.org\/friuli-venezia-giulia\/wp-content\/uploads\/sites\/34\/2020\/12\/ALPINO-2021-Ginevra-Preschern-sq.jpeg 300w\" sizes=\"(max-width: 150px) 100vw, 150px\" \/><\/a>\n\t\t\t<\/dt>\n\t\t\t\t<dd class='wp-caption-text gallery-caption' id='gallery-2-72524'>\n\t\t\t\tGINEVRA PRESCHERN \n2006\n\t\t\t\t<\/dd><\/dl>\n\t\t\t\n\t\t<\/div>\n\n<p><strong>\u00a0<\/strong><\/p>\n","protected":false},"excerpt":{"rendered":"<p>La prima \u00e8 in programma marted\u00ec 12 gennaio sullo Zoncolan, dedicata al gigante, la seconda gioved\u00ec 14 a Tarvisio, con gigante e slalom<\/p>\n","protected":false},"author":4,"featured_media":72814,"comment_status":"closed","ping_status":"closed","sticky":false,"template":"","format":"standard","meta":{"_acf_changed":false,"footnotes":""},"categories":[15],"tags":[],"acf":[],"_links":{"self":[{"href":"https:\/\/comitati.fisi.org\/friuli-venezia-giulia\/wp-json\/wp\/v2\/posts\/73457"}],"collection":[{"href":"https:\/\/comitati.fisi.org\/friuli-venezia-giulia\/wp-json\/wp\/v2\/posts"}],"about":[{"href":"https:\/\/comitati.fisi.org\/friuli-venezia-giulia\/wp-json\/wp\/v2\/types\/post"}],"author":[{"embeddable":true,"href":"https:\/\/comitati.fisi.org\/friuli-venezia-giulia\/wp-json\/wp\/v2\/users\/4"}],"replies":[{"embeddable":true,"href":"https:\/\/comitati.fisi.org\/friuli-venezia-giulia\/wp-json\/wp\/v2\/comments?post=73457"}],"version-history":[{"count":0,"href":"https:\/\/comitati.fisi.org\/friuli-venezia-giulia\/wp-json\/wp\/v2\/posts\/73457\/revisions"}],"wp:featuredmedia":[{"embeddable":true,"href":"https:\/\/comitati.fisi.org\/friuli-venezia-giulia\/wp-json\/wp\/v2\/media\/72814"}],"wp:attachment":[{"href":"https:\/\/comitati.fisi.org\/friuli-venezia-giulia\/wp-json\/wp\/v2\/media?parent=73457"}],"wp:term":[{"taxonomy":"category","embeddable":true,"href":"https:\/\/comitati.fisi.org\/friuli-venezia-giulia\/wp-json\/wp\/v2\/categories?post=73457"},{"taxonomy":"post_tag","embeddable":true,"href":"https:\/\/comitati.fisi.org\/friuli-venezia-giulia\/wp-json\/wp\/v2\/tags?post=73457"}],"curies":[{"name":"wp","href":"https:\/\/api.w.org\/{rel}","templated":true}]}}