{"id":73385,"date":"2021-01-10T13:27:35","date_gmt":"2021-01-10T12:27:35","guid":{"rendered":"https:\/\/www.fisifvg.org\/?p=73385"},"modified":"2021-01-10T13:27:35","modified_gmt":"2021-01-10T12:27:35","slug":"missione-compiuta-martina-di-centa-taglia-il-traguardo-del-cermis-al-tour-de-ski","status":"publish","type":"post","link":"https:\/\/comitati.fisi.org\/friuli-venezia-giulia\/blog\/2021\/01\/10\/missione-compiuta-martina-di-centa-taglia-il-traguardo-del-cermis-al-tour-de-ski\/","title":{"rendered":"Missione compiuta, Martina Di Centa taglia il traguardo del Cermis al Tour de Ski"},"content":{"rendered":"<p>Martina Di Centa lo voleva fortemente ed ha raggiunto il suo obiettivo, ovvero concludere il Tour de Ski.<\/p>\n<p>Risultato tutt&#8217;altro che scontato per una ventenne alla prima uscita assoluta in Coppa del Mondo, ma salire sulle rampe del Cermis dopo 7 gare in 9 giorni significa che la paluzzana \u00e8 forte anche di testa, oltre che di gambe e braccia. Bravissima quindi la 20enne del Cs Carabinieri, che ha onorato una salita nella quale spesso pap\u00e0 Giorgio si era esaltato del Tour. Oggi Martina \u00e8 giunta 40a, mentre nella generale si \u00e8 piazzata 37a.<\/p>\n<p><em><span style=\"font-weight: 400\">&#8220;Mi aspettavo di fare meglio, per\u00f2 sono arrivata in cima e porto a casa un\u2019esperienza importante &#8211; <\/span><\/em><span style=\"font-weight: 400\">dice la Di Centa<\/span><em><span style=\"font-weight: 400\"> -. Avevo provato a immaginarmi come poteva essere, ma quando ti trovi davanti il primo muro vorresti che fosse meno ripido. \u00c8 difficile farsi davvero un\u2019idea di cosa sia. Ho fatto la gara col mio ritmo. Riuscivo a vedere davanti a me la mia compagna di squadra Lucia Scardoni e anche se dove la pista era pi\u00f9 pendente non riuscivo a esprimermi. Il finale, dove la salita si fa un po\u2019 meno cattiva, mi ha dato un po\u2019 pi\u00f9 di soddisfazione. Sento il fisico affaticato dopo tutte queste gare di fila, mi servir\u00e0 un po\u2019 di riposo. I prossimi appuntamenti sono i Campionati italiani e poi, pi\u00f9 avanti, i Mondiali di categoria&#8221;.<\/span><\/em><\/p>\n<p>La tappa \u00e8 stata vinta dalla svedese Andersson, che ha preceduto l&#8217;americana Diggins, vincitrice del Tour.<\/p>\n<p>Prima delle azzurre, sia oggi che nella generale, Anna Comarella, rispettivamente 17a e 20a.<\/p>\n<p><a href=\"https:\/\/www.fis-ski.com\/DB\/general\/results.html?sectorcode=CC&amp;raceid=36529\">CLASSIFICA<\/a><\/p>\n","protected":false},"excerpt":{"rendered":"<p>La 20enne di Paluzza ha concluso la sua prima esperienza in Coppa del Mondo<\/p>\n","protected":false},"author":4,"featured_media":73233,"comment_status":"closed","ping_status":"closed","sticky":false,"template":"","format":"standard","meta":{"_acf_changed":false,"footnotes":""},"categories":[10,11],"tags":[],"acf":[],"_links":{"self":[{"href":"https:\/\/comitati.fisi.org\/friuli-venezia-giulia\/wp-json\/wp\/v2\/posts\/73385"}],"collection":[{"href":"https:\/\/comitati.fisi.org\/friuli-venezia-giulia\/wp-json\/wp\/v2\/posts"}],"about":[{"href":"https:\/\/comitati.fisi.org\/friuli-venezia-giulia\/wp-json\/wp\/v2\/types\/post"}],"author":[{"embeddable":true,"href":"https:\/\/comitati.fisi.org\/friuli-venezia-giulia\/wp-json\/wp\/v2\/users\/4"}],"replies":[{"embeddable":true,"href":"https:\/\/comitati.fisi.org\/friuli-venezia-giulia\/wp-json\/wp\/v2\/comments?post=73385"}],"version-history":[{"count":0,"href":"https:\/\/comitati.fisi.org\/friuli-venezia-giulia\/wp-json\/wp\/v2\/posts\/73385\/revisions"}],"wp:featuredmedia":[{"embeddable":true,"href":"https:\/\/comitati.fisi.org\/friuli-venezia-giulia\/wp-json\/wp\/v2\/media\/73233"}],"wp:attachment":[{"href":"https:\/\/comitati.fisi.org\/friuli-venezia-giulia\/wp-json\/wp\/v2\/media?parent=73385"}],"wp:term":[{"taxonomy":"category","embeddable":true,"href":"https:\/\/comitati.fisi.org\/friuli-venezia-giulia\/wp-json\/wp\/v2\/categories?post=73385"},{"taxonomy":"post_tag","embeddable":true,"href":"https:\/\/comitati.fisi.org\/friuli-venezia-giulia\/wp-json\/wp\/v2\/tags?post=73385"}],"curies":[{"name":"wp","href":"https:\/\/api.w.org\/{rel}","templated":true}]}}