{"id":73301,"date":"2021-01-09T10:52:43","date_gmt":"2021-01-09T09:52:43","guid":{"rendered":"https:\/\/www.fisifvg.org\/?p=73301"},"modified":"2021-01-09T10:52:43","modified_gmt":"2021-01-09T09:52:43","slug":"tour-de-ski-niente-batterie-di-finale-della-sprint-per-martina-di-centa","status":"publish","type":"post","link":"https:\/\/comitati.fisi.org\/friuli-venezia-giulia\/blog\/2021\/01\/09\/tour-de-ski-niente-batterie-di-finale-della-sprint-per-martina-di-centa\/","title":{"rendered":"Tour de Ski, niente batterie di finale della sprint per Martina Di Centa"},"content":{"rendered":"<p>Martina Di Centa si \u00e8 piazzata al 40\u00b0 posto nella qualificazione della sprint tc del Tour de Ski in Val di Fiemme.<\/p>\n<p>La paluzzana non ottiene cos\u00ec l&#8217;accesso alle batterie di finale, riservato alle migliori 30.<\/p>\n<p><span style=\"font-weight: 400\">&#8220;Non ho buone sensazioni in questo format di gara e oggi per me \u00e8 stato molto faticoso &#8211; dice Martina -. Una fatica diversa da ieri, perch\u00e9 le sprint di Coppa del Mondo sono la tipologia di gara con cui ancora ho pi\u00f9 difficolt\u00e0. Ho preso questo Tour come un\u2019occasione per fare esperienza e sono contenta di essere arrivata fin qua, ci sono buone probabilit\u00e0 che prenda parte anche alla Final Climb&#8221;. <\/span><\/p>\n<p>Il Tour si chiude domani con la salita del Cermis.<\/p>\n<p><a href=\"https:\/\/www.fis-ski.com\/DB\/general\/event-details.html?sectorcode=CC&amp;eventid=47168&amp;seasoncode=2021\">CLASSIFICHE<\/a><\/p>\n","protected":false},"excerpt":{"rendered":"<p>La carabiniera di Paluzza si \u00e8 piazzata al 40\u00b0 posto nella qualificazione della prova di Predazzo<\/p>\n","protected":false},"author":4,"featured_media":73236,"comment_status":"closed","ping_status":"closed","sticky":false,"template":"","format":"standard","meta":{"_acf_changed":false,"footnotes":""},"categories":[11],"tags":[],"acf":[],"_links":{"self":[{"href":"https:\/\/comitati.fisi.org\/friuli-venezia-giulia\/wp-json\/wp\/v2\/posts\/73301"}],"collection":[{"href":"https:\/\/comitati.fisi.org\/friuli-venezia-giulia\/wp-json\/wp\/v2\/posts"}],"about":[{"href":"https:\/\/comitati.fisi.org\/friuli-venezia-giulia\/wp-json\/wp\/v2\/types\/post"}],"author":[{"embeddable":true,"href":"https:\/\/comitati.fisi.org\/friuli-venezia-giulia\/wp-json\/wp\/v2\/users\/4"}],"replies":[{"embeddable":true,"href":"https:\/\/comitati.fisi.org\/friuli-venezia-giulia\/wp-json\/wp\/v2\/comments?post=73301"}],"version-history":[{"count":0,"href":"https:\/\/comitati.fisi.org\/friuli-venezia-giulia\/wp-json\/wp\/v2\/posts\/73301\/revisions"}],"wp:featuredmedia":[{"embeddable":true,"href":"https:\/\/comitati.fisi.org\/friuli-venezia-giulia\/wp-json\/wp\/v2\/media\/73236"}],"wp:attachment":[{"href":"https:\/\/comitati.fisi.org\/friuli-venezia-giulia\/wp-json\/wp\/v2\/media?parent=73301"}],"wp:term":[{"taxonomy":"category","embeddable":true,"href":"https:\/\/comitati.fisi.org\/friuli-venezia-giulia\/wp-json\/wp\/v2\/categories?post=73301"},{"taxonomy":"post_tag","embeddable":true,"href":"https:\/\/comitati.fisi.org\/friuli-venezia-giulia\/wp-json\/wp\/v2\/tags?post=73301"}],"curies":[{"name":"wp","href":"https:\/\/api.w.org\/{rel}","templated":true}]}}