{"id":73262,"date":"2021-01-08T18:24:50","date_gmt":"2021-01-08T17:24:50","guid":{"rendered":"https:\/\/www.fisifvg.org\/?p=73262"},"modified":"2021-01-08T18:24:50","modified_gmt":"2021-01-08T17:24:50","slug":"comunicazione-alle-societa-da-promoturismofvg-e-comitato-fisi-fvg","status":"publish","type":"post","link":"https:\/\/comitati.fisi.org\/friuli-venezia-giulia\/blog\/2021\/01\/08\/comunicazione-alle-societa-da-promoturismofvg-e-comitato-fisi-fvg\/","title":{"rendered":"Comunicazione alle Societ\u00e0 da PromoturismoFVG e Comitato FISI FVG"},"content":{"rendered":"<p><strong>PromoturismoFVG e Comitato FISI FVG<\/strong>, in <span style=\"font-size: 1rem\">considerazione del fatto che:<\/span><\/p>\n<p>-l\u2019ordinanza del 2 gennaio 2021 firmata dal Ministro della Salute ha rinviato l\u2019apertura degli impianti di risalita a non prima del 18 gennaio 2021;<br \/>\n-che le ultime comunicazioni da parte del Ministro della Salute confermano che l\u2019appartenenza delle singole Regioni alle varie fasce di colore seguir\u00e0 di volta in volta l\u2019andamento dei contagi e sar\u00e0 pertanto mutevole,<\/p>\n<p>comunicano alle Societ\u00e0 che la vendita degli skipass Stagionali CARTAneve, pi\u00f9 volte prorogata, <strong>\u00e8 definitivamente conclusa.<\/strong><\/p>\n<p>Al tempo stesso, fino a nuove disposizioni da parte del Governo, \u00e8<strong> prorogata la messa a disposizione di impianti e piste riservate agli allenamenti.<\/strong><\/p>\n<p>L\u2019ingresso ai suddetti impianti e piste, sar\u00e0 possibile con il protocollo di accesso fino ad ora utilizzato e presentando lo skipass. Sono altres\u00ec confermate le specifiche tariffe convenute (giornaliero \u20ac 30,00; mattiniero \u20ac 18,00; pomeridiano \u20ac 18,00).<\/p>\n<p>Le tariffe ordinarie, con relative riduzioni sulla base delle categorie di appartenenza, verranno ripristinate in concomitanza con l\u2019apertura ufficiale al pubblico.<\/p>\n","protected":false},"excerpt":{"rendered":"<p>La nota riguarda gli skipass e la messa a disposizione di impianti e piste riservate agli allenamenti<\/p>\n","protected":false},"author":4,"featured_media":72838,"comment_status":"closed","ping_status":"closed","sticky":false,"template":"","format":"standard","meta":{"_acf_changed":false,"footnotes":""},"categories":[21,10,17],"tags":[],"acf":[],"_links":{"self":[{"href":"https:\/\/comitati.fisi.org\/friuli-venezia-giulia\/wp-json\/wp\/v2\/posts\/73262"}],"collection":[{"href":"https:\/\/comitati.fisi.org\/friuli-venezia-giulia\/wp-json\/wp\/v2\/posts"}],"about":[{"href":"https:\/\/comitati.fisi.org\/friuli-venezia-giulia\/wp-json\/wp\/v2\/types\/post"}],"author":[{"embeddable":true,"href":"https:\/\/comitati.fisi.org\/friuli-venezia-giulia\/wp-json\/wp\/v2\/users\/4"}],"replies":[{"embeddable":true,"href":"https:\/\/comitati.fisi.org\/friuli-venezia-giulia\/wp-json\/wp\/v2\/comments?post=73262"}],"version-history":[{"count":0,"href":"https:\/\/comitati.fisi.org\/friuli-venezia-giulia\/wp-json\/wp\/v2\/posts\/73262\/revisions"}],"wp:featuredmedia":[{"embeddable":true,"href":"https:\/\/comitati.fisi.org\/friuli-venezia-giulia\/wp-json\/wp\/v2\/media\/72838"}],"wp:attachment":[{"href":"https:\/\/comitati.fisi.org\/friuli-venezia-giulia\/wp-json\/wp\/v2\/media?parent=73262"}],"wp:term":[{"taxonomy":"category","embeddable":true,"href":"https:\/\/comitati.fisi.org\/friuli-venezia-giulia\/wp-json\/wp\/v2\/categories?post=73262"},{"taxonomy":"post_tag","embeddable":true,"href":"https:\/\/comitati.fisi.org\/friuli-venezia-giulia\/wp-json\/wp\/v2\/tags?post=73262"}],"curies":[{"name":"wp","href":"https:\/\/api.w.org\/{rel}","templated":true}]}}