{"id":73197,"date":"2021-01-08T16:12:10","date_gmt":"2021-01-08T15:12:10","guid":{"rendered":"https:\/\/www.fisifvg.org\/?p=73197"},"modified":"2021-01-08T16:12:10","modified_gmt":"2021-01-08T15:12:10","slug":"tour-the-ski-martina-di-centa-apre-con-un-37-posto-la-tre-giorni-della-val-di-fiemme","status":"publish","type":"post","link":"https:\/\/comitati.fisi.org\/friuli-venezia-giulia\/blog\/2021\/01\/08\/tour-the-ski-martina-di-centa-apre-con-un-37-posto-la-tre-giorni-della-val-di-fiemme\/","title":{"rendered":"Tour the Ski, Martina Di Centa apre con un 37\u00b0 posto la tre giorni della Val di Fiemme"},"content":{"rendered":"<p>La tre giorni conclusiva del Tour de Ski in Val Fiemme ha proposto per le donne la 10 km a tecnica classica con partenza in linea, che ha visto Martina Di Centa chiudere al 37\u00b0 posto, terza delle cinque azzurre rimaste in gara.<\/p>\n<p>Successo per la russa Neprayeva con 2&#8243;4 sulla tedesca Henning e 4&#8243;1 aulla svedese Andersson. Prima delle italiane Anna Comarella, ventunesima a 1&#8217;17&#8221;.<\/p>\n<p>Nella classifica generale del Tour guida l&#8217;americana Diggins (oggi nona) con 55&#8243; sula russa Stupak (ottava) e 1&#8217;42&#8221; sulla svedese Karlsson (undicesima). Anna Comarella \u00e8 ventunesima a 6&#8217;09&#8221;, Martina Di Centa trentottesima a 12&#8217;07&#8221;. Sono 43 le fondiste ancora in gara.<\/p>\n<p><em>&#8220;All\u2019inizio non ho avuto sensazioni bellissime, patisco sempre un po\u2019 la partenza cos\u00ec in gruppo<\/em> &#8211; dice la Di Centa -. <em>Loro sono abituate ad andare velocissime dai primi secondi, io invece devo un attimo carburare, quindi all&#8217;inizio non sono andata benissimo, poi a fine gara sono migliorata. Oggi \u00e8 una giornata molto fredda, la neve era bella, la pista in perfette condizioni, c\u2019erano molte tracce quindi era anche bella spaziosa per il format di gara&#8221;.<\/em><\/p>\n<p>Sabato appuntamento con la sprint, sempre a tecnica classica. Qualificazioni alle 10.30, finali dalle 13.05. &#8220;<em>E&#8217; tutto un altro tipo di gara, non proprio il mio preferito &#8211; <\/em>afferma Martina <em>-. Cercher\u00f2 comunque di dare il massimo. Il Cermis \u00e8 un punto di domanda, perch\u00e9 sto affrontando questo Tour giorno per giorno, essendo la mia prima esperienza. Io spero di poter partecipare, di essere in forze, poi comunque se partir\u00f2 sar\u00e0 sicuramente durissima&#8221;.<\/em><\/p>\n<p>Ricordiamo che Davide Graz ha concluso la sua prima partecipazione al Tour con la tappa di Dobbiaco. Oggi intanto l&#8217;altro azzurro Francesco De Fabiani ha ottenuto uno splendido secondo posto nella 15 km, battuto solo dal dominatore del Tour, il russo Bolshunov.<\/p>\n<p><a href=\"https:\/\/www.fis-ski.com\/DB\/general\/results.html?sectorcode=CC&amp;raceid=36523\">CLASSIFICA 10 KM FEMMINILE<\/a><\/p>\n","protected":false},"excerpt":{"rendered":"<p>Successo per la russa Neprayeva con 2&#8243;4 sulla tedesca Henning e 4&#8243;1 aulla svedese Andersson<\/p>\n","protected":false},"author":4,"featured_media":73234,"comment_status":"closed","ping_status":"closed","sticky":false,"template":"","format":"standard","meta":{"_acf_changed":false,"footnotes":""},"categories":[10,11],"tags":[],"acf":[],"_links":{"self":[{"href":"https:\/\/comitati.fisi.org\/friuli-venezia-giulia\/wp-json\/wp\/v2\/posts\/73197"}],"collection":[{"href":"https:\/\/comitati.fisi.org\/friuli-venezia-giulia\/wp-json\/wp\/v2\/posts"}],"about":[{"href":"https:\/\/comitati.fisi.org\/friuli-venezia-giulia\/wp-json\/wp\/v2\/types\/post"}],"author":[{"embeddable":true,"href":"https:\/\/comitati.fisi.org\/friuli-venezia-giulia\/wp-json\/wp\/v2\/users\/4"}],"replies":[{"embeddable":true,"href":"https:\/\/comitati.fisi.org\/friuli-venezia-giulia\/wp-json\/wp\/v2\/comments?post=73197"}],"version-history":[{"count":0,"href":"https:\/\/comitati.fisi.org\/friuli-venezia-giulia\/wp-json\/wp\/v2\/posts\/73197\/revisions"}],"wp:featuredmedia":[{"embeddable":true,"href":"https:\/\/comitati.fisi.org\/friuli-venezia-giulia\/wp-json\/wp\/v2\/media\/73234"}],"wp:attachment":[{"href":"https:\/\/comitati.fisi.org\/friuli-venezia-giulia\/wp-json\/wp\/v2\/media?parent=73197"}],"wp:term":[{"taxonomy":"category","embeddable":true,"href":"https:\/\/comitati.fisi.org\/friuli-venezia-giulia\/wp-json\/wp\/v2\/categories?post=73197"},{"taxonomy":"post_tag","embeddable":true,"href":"https:\/\/comitati.fisi.org\/friuli-venezia-giulia\/wp-json\/wp\/v2\/tags?post=73197"}],"curies":[{"name":"wp","href":"https:\/\/api.w.org\/{rel}","templated":true}]}}