{"id":73170,"date":"2021-01-07T08:18:50","date_gmt":"2021-01-07T07:18:50","guid":{"rendered":"https:\/\/www.fisifvg.org\/?p=73170"},"modified":"2021-01-07T08:18:50","modified_gmt":"2021-01-07T07:18:50","slug":"ecco-le-nuove-date-e-il-programma-del-gran-premio-italia-di-sella-nevea","status":"publish","type":"post","link":"https:\/\/comitati.fisi.org\/friuli-venezia-giulia\/blog\/2021\/01\/07\/ecco-le-nuove-date-e-il-programma-del-gran-premio-italia-di-sella-nevea\/","title":{"rendered":"Ecco le nuove date e il programma del Gran Premio Italia di Sella Nevea"},"content":{"rendered":"<p><a href=\"https:\/\/www.fis-ski.com\/DB\/general\/event-details.html?sectorcode=AL&amp;eventid=47468&amp;seasoncode=2021\">Si svolger\u00e0 dal 9 all&#8217;11 febbraio la tappa del Gran Premio Italia di sci alpino di Sella Nevea<\/a>, inizialmente prevista dall&#8217;11 al 14 gennaio ma rinviata a causa delle abbondantissime nevicate dei giorni scorsi nella zona del Canin.<\/p>\n<p>Sempre per l&#8217;organizzazione dell&#8217;US Camporosso, il nuovo programma prevede marted\u00ec 9 febbraio una prova di discesa, mercoled\u00ec 10 un&#8217;altra prova e la prima gara di discesa, gioved\u00ec 11 la seconda discesa e la combinata alpina.<\/p>\n<p>Rispetto al programma originario non ci sar\u00e0 quindi il superG.<\/p>\n","protected":false},"excerpt":{"rendered":"<p>Appuntamento dal 9 all&#8217;11 febbraio con due discese e la combinata alpina<\/p>\n","protected":false},"author":4,"featured_media":21914,"comment_status":"closed","ping_status":"closed","sticky":false,"template":"","format":"standard","meta":{"_acf_changed":false,"footnotes":""},"categories":[15],"tags":[],"acf":[],"_links":{"self":[{"href":"https:\/\/comitati.fisi.org\/friuli-venezia-giulia\/wp-json\/wp\/v2\/posts\/73170"}],"collection":[{"href":"https:\/\/comitati.fisi.org\/friuli-venezia-giulia\/wp-json\/wp\/v2\/posts"}],"about":[{"href":"https:\/\/comitati.fisi.org\/friuli-venezia-giulia\/wp-json\/wp\/v2\/types\/post"}],"author":[{"embeddable":true,"href":"https:\/\/comitati.fisi.org\/friuli-venezia-giulia\/wp-json\/wp\/v2\/users\/4"}],"replies":[{"embeddable":true,"href":"https:\/\/comitati.fisi.org\/friuli-venezia-giulia\/wp-json\/wp\/v2\/comments?post=73170"}],"version-history":[{"count":0,"href":"https:\/\/comitati.fisi.org\/friuli-venezia-giulia\/wp-json\/wp\/v2\/posts\/73170\/revisions"}],"wp:featuredmedia":[{"embeddable":true,"href":"https:\/\/comitati.fisi.org\/friuli-venezia-giulia\/wp-json\/wp\/v2\/media\/21914"}],"wp:attachment":[{"href":"https:\/\/comitati.fisi.org\/friuli-venezia-giulia\/wp-json\/wp\/v2\/media?parent=73170"}],"wp:term":[{"taxonomy":"category","embeddable":true,"href":"https:\/\/comitati.fisi.org\/friuli-venezia-giulia\/wp-json\/wp\/v2\/categories?post=73170"},{"taxonomy":"post_tag","embeddable":true,"href":"https:\/\/comitati.fisi.org\/friuli-venezia-giulia\/wp-json\/wp\/v2\/tags?post=73170"}],"curies":[{"name":"wp","href":"https:\/\/api.w.org\/{rel}","templated":true}]}}