{"id":73151,"date":"2021-01-07T07:22:29","date_gmt":"2021-01-07T06:22:29","guid":{"rendered":"https:\/\/www.fisifvg.org\/?p=73151"},"modified":"2021-01-07T07:22:29","modified_gmt":"2021-01-07T06:22:29","slug":"lisa-vittozzi-riparte-dalla-sua-oberhof","status":"publish","type":"post","link":"https:\/\/comitati.fisi.org\/friuli-venezia-giulia\/blog\/2021\/01\/07\/lisa-vittozzi-riparte-dalla-sua-oberhof\/","title":{"rendered":"Lisa Vittozzi riparte dalla &#8220;sua&#8221; Oberhof"},"content":{"rendered":"<p>La Coppa del mondo di biathlon riprende da Oberhof (Ger) per la quinta e sesta tappa stagionale. Sulla pista tedesca si comincia venerd\u00ec 8 gennaio con le sprint, seguite sabato 9 dalle pursuit, mentre domenica 10 toccher\u00e0 a staffetta singola e staffetta singola mista. Dopo qualche giorno di riposo, si riprender\u00e0 nella stessa localit\u00e0 con una nuova sprint mercoled\u00ec 13 e gioved\u00ec 14 gennaio, le staffette venerd\u00ec 15 e sabato 16 gennaio e le mass start di domenica 17 gennaio. Il direttore tecnico Fabrizio Curtaz ha convocato Irene Lardschneider, <strong>Lisa Vittozzi<\/strong> e Dorothea Wierer (sesta nella generale guidata da Marte Olsbu Roeiseland) fra le donne e Thomas Bormolini, Didier Bionaz, Dominik Windisch Lukas Hofer e Tommaso Giacomel fra gli uomini.<\/p>\n<p>Ricordiamo che proprio a Oberhof due anni fa Lisa Vittozzi <em><strong>(nella foto)<\/strong> <\/em>conquist\u00f2 il primo successo individuale in Coppa del Mondo nella sprint, con bis due giorni dopo nell&#8217;inseguimento.<\/p>\n","protected":false},"excerpt":{"rendered":"<p>Due anni la sappadina conquist\u00f2 in Germania il primo successo individuale in Coppa del Mondo nella sprint, con bis due giorni dopo nell&#8217;inseguimento<\/p>\n","protected":false},"author":4,"featured_media":73168,"comment_status":"closed","ping_status":"closed","sticky":false,"template":"","format":"standard","meta":{"_acf_changed":false,"footnotes":""},"categories":[13],"tags":[],"acf":[],"_links":{"self":[{"href":"https:\/\/comitati.fisi.org\/friuli-venezia-giulia\/wp-json\/wp\/v2\/posts\/73151"}],"collection":[{"href":"https:\/\/comitati.fisi.org\/friuli-venezia-giulia\/wp-json\/wp\/v2\/posts"}],"about":[{"href":"https:\/\/comitati.fisi.org\/friuli-venezia-giulia\/wp-json\/wp\/v2\/types\/post"}],"author":[{"embeddable":true,"href":"https:\/\/comitati.fisi.org\/friuli-venezia-giulia\/wp-json\/wp\/v2\/users\/4"}],"replies":[{"embeddable":true,"href":"https:\/\/comitati.fisi.org\/friuli-venezia-giulia\/wp-json\/wp\/v2\/comments?post=73151"}],"version-history":[{"count":0,"href":"https:\/\/comitati.fisi.org\/friuli-venezia-giulia\/wp-json\/wp\/v2\/posts\/73151\/revisions"}],"wp:featuredmedia":[{"embeddable":true,"href":"https:\/\/comitati.fisi.org\/friuli-venezia-giulia\/wp-json\/wp\/v2\/media\/73168"}],"wp:attachment":[{"href":"https:\/\/comitati.fisi.org\/friuli-venezia-giulia\/wp-json\/wp\/v2\/media?parent=73151"}],"wp:term":[{"taxonomy":"category","embeddable":true,"href":"https:\/\/comitati.fisi.org\/friuli-venezia-giulia\/wp-json\/wp\/v2\/categories?post=73151"},{"taxonomy":"post_tag","embeddable":true,"href":"https:\/\/comitati.fisi.org\/friuli-venezia-giulia\/wp-json\/wp\/v2\/tags?post=73151"}],"curies":[{"name":"wp","href":"https:\/\/api.w.org\/{rel}","templated":true}]}}