{"id":73108,"date":"2021-01-05T13:14:11","date_gmt":"2021-01-05T12:14:11","guid":{"rendered":"https:\/\/www.fisifvg.org\/?p=73108"},"modified":"2021-01-05T13:14:11","modified_gmt":"2021-01-05T12:14:11","slug":"organizzazione-gare-calendari-regionali-comunicazione-del-presidente-della-fisi-roda","status":"publish","type":"post","link":"https:\/\/comitati.fisi.org\/friuli-venezia-giulia\/blog\/2021\/01\/05\/organizzazione-gare-calendari-regionali-comunicazione-del-presidente-della-fisi-roda\/","title":{"rendered":"Organizzazione gare calendari regionali, comunicazione del presidente della FISI Roda"},"content":{"rendered":"<p><em><strong>Proponiamo la comunicazione del presidente della FISI Flavio Roda.<\/strong><\/em><\/p>\n<p>La Federazione intende procedere all\u2019autorizzazione dell\u2019organizzazione delle manifestazioni di livello territoriale a partire dal prossimo 9 gennaio.<br \/>\nIl protocollo da seguire sar\u00e0 quello utilizzato per le gare federali e si ricorda che le manifestazioni potranno svolgersi solamente a porte chiuse.<br \/>\nOltre a ci\u00f2, trovandoci sempre in un periodo di grave crisi epidemiologica, sono necessarie alcune limitazioni sotto elencate:<\/p>\n<p>1. Ogni Comitato Regionale potr\u00e0 prevedere l\u2019organizzazione di un numero massimo di gare per circoscrizione\/provincia \u2013 2 per categoria Cuccioli o categoria equivalente \u2013 3 per categoria Allievi\/Ragazzi o categorie equivalenti \u2013 2 per categoria Giovani e Senior o categorie equivalenti \u2013 2 per categoria Master o categorie equivalenti alle quali non potr\u00e0 essere abbinata la categoria Giovani e Senior;<\/p>\n<p>2. Ogni Comitato Regionale potr\u00e0 inoltre prevedere l\u2019organizzazione di gare RQ_CHI \u201cGare Regionali di Qualificazione Children\u201d per la disciplina Sci Alpino nel numero di uno Slalom e di uno Slalom Gigante rispettivamente per le categorie Allievi e Ragazzi che saranno utili per qualificazione all\u2019Alpe Cimbra e OPA CUP U16;<\/p>\n<p>3. Per tutte le manifestazioni di calendario regionale delle categorie Cuccioli, Children, Giovani, Senior, Master \u00e8 consentito lo svolgimento di una sola gara nella stessa giornata, non sono consentite pi\u00f9 gare nello stesso giorno anche se di specialit\u00e0 diverse;<\/p>\n<p>4. Per tutte le gare di calendario nazionale Master \u00e8 consentito lo svolgimento di una sola gara nella stessa giornata, non sono consentite pi\u00f9 gare nello stesso giorno anche se di specialit\u00e0 diverse;<\/p>\n<p>5. Per ogni giornata gara viene fissato un limite massimo pari a 120 partecipanti secondo le priorit\u00e0 indicate dai singoli Comitati;<\/p>\n<p>6. Viene, altres\u00ec, favorita la programmazione in giornate diverse al fine di limitare assembramenti; tenendo conto delle disposizioni di accesso e utilizzo degli impianti di risalita dovranno essere previsti, se necessario, accessi contingentati con la conseguenza di prevedere ricognizioni e partenze separate per le diverse categorie al fine di consentire una fruizione snella ed organizzata di impianti e di piste;<\/p>\n<p>7. Le categorie di cui sotto, necessitando obbligatoriamente dell\u2019accompagnamento dei minori alle gare, verranno autorizzate in una fase successiva, alla luce della programmazione delle manifestazioni nazionali previste a partire dal mese di febbraio:<\/p>\n<p>Biathlon U9 BABY\u00a0 <em>01\/01\/2012 &#8211; 31\/12\/2013<\/em><\/p>\n<p>Snowboard BABY\u00a0 <em>01\/01\/2012 &#8211; 31\/12\/2013<\/em><\/p>\n<p>Freestyle BABY\u00a0<em> 01\/01\/2012 &#8211; 31\/12\/2013<\/em><\/p>\n<p>Slittino BABY SCHULER\u00a0 <em>01\/01\/2013 &#8211; 31\/12\/2014<\/em><\/p>\n<p>Sci di fondo e Skiroll U8 SUPER BABY\u00a0 \u00a0<em>01\/01\/2013 &#8211; 31\/12\/2014<\/em><br \/>\nSci di fondo e Skiroll U10 BABY\u00a0 <em>01\/01\/2011 &#8211; 31\/12\/2012<\/em><\/p>\n<p>Sci alpino U7 SUPER BABY 1\u00a0 <em>01\/01\/2014 &#8211; 31\/12\/2014<\/em><br \/>\nSci alpino U8 SUPER BABY 2\u00a0 <em>01\/01\/2013 &#8211; 31\/12\/2013<\/em><br \/>\nSci alpino U9 BABY 1\u00a0 <em>01\/01\/2012 &#8211; 31\/12\/2012<\/em><br \/>\nSci alpino U10 BABY 2\u00a0<em> 01\/01\/2011 &#8211; 31\/12\/2011<\/em><\/p>\n<p>Salto con gli sci U8\u00a0 <em>01\/01\/2013 &#8211; 31\/12\/2014<\/em><br \/>\nSalto con gli sci U10\u00a0 <em>01\/01\/2011 &#8211; 31\/12\/2012<\/em><\/p>\n<p>Combinata Nordica U8\u00a0 <em>01\/01\/2013 &#8211; 31\/12\/2014<\/em><br \/>\nCombinata Nordica U10\u00a0<em> 01\/01\/2011 &#8211; 31\/12\/2012<\/em><\/p>\n<p>Corre l\u2019obbligo precisare che le summenzionate disposizioni <em><strong>resteranno in vigore fino al prossimo 31 gennaio.<\/strong><\/em><\/p>\n<p><strong>FLAVIO RODA<\/strong><\/p>\n<p><strong><br \/>\nNOTA BENE <\/strong>In considerazione della comunicazione del presidente della FISI Flavio Roda, il <em><strong>Comitato Regionale valuter\u00e0 con le rispettive Commissioni tecniche eventuali variazioni ai calendari<\/strong><\/em><\/p>\n","protected":false},"excerpt":{"rendered":"<p>Le disposizioni resteranno in vigore fino al prossimo 31 gennaio<\/p>\n","protected":false},"author":4,"featured_media":69662,"comment_status":"closed","ping_status":"closed","sticky":false,"template":"","format":"standard","meta":{"_acf_changed":false,"footnotes":""},"categories":[21,10,17],"tags":[],"acf":[],"_links":{"self":[{"href":"https:\/\/comitati.fisi.org\/friuli-venezia-giulia\/wp-json\/wp\/v2\/posts\/73108"}],"collection":[{"href":"https:\/\/comitati.fisi.org\/friuli-venezia-giulia\/wp-json\/wp\/v2\/posts"}],"about":[{"href":"https:\/\/comitati.fisi.org\/friuli-venezia-giulia\/wp-json\/wp\/v2\/types\/post"}],"author":[{"embeddable":true,"href":"https:\/\/comitati.fisi.org\/friuli-venezia-giulia\/wp-json\/wp\/v2\/users\/4"}],"replies":[{"embeddable":true,"href":"https:\/\/comitati.fisi.org\/friuli-venezia-giulia\/wp-json\/wp\/v2\/comments?post=73108"}],"version-history":[{"count":0,"href":"https:\/\/comitati.fisi.org\/friuli-venezia-giulia\/wp-json\/wp\/v2\/posts\/73108\/revisions"}],"wp:featuredmedia":[{"embeddable":true,"href":"https:\/\/comitati.fisi.org\/friuli-venezia-giulia\/wp-json\/wp\/v2\/media\/69662"}],"wp:attachment":[{"href":"https:\/\/comitati.fisi.org\/friuli-venezia-giulia\/wp-json\/wp\/v2\/media?parent=73108"}],"wp:term":[{"taxonomy":"category","embeddable":true,"href":"https:\/\/comitati.fisi.org\/friuli-venezia-giulia\/wp-json\/wp\/v2\/categories?post=73108"},{"taxonomy":"post_tag","embeddable":true,"href":"https:\/\/comitati.fisi.org\/friuli-venezia-giulia\/wp-json\/wp\/v2\/tags?post=73108"}],"curies":[{"name":"wp","href":"https:\/\/api.w.org\/{rel}","templated":true}]}}