{"id":73090,"date":"2021-01-05T15:53:52","date_gmt":"2021-01-05T14:53:52","guid":{"rendered":"https:\/\/www.fisifvg.org\/?p=73090"},"modified":"2021-01-05T15:53:52","modified_gmt":"2021-01-05T14:53:52","slug":"davide-graz-parte-a-razzo-poi-chiude-con-un-bel-35-posto-la-15-km-del-tour-de-ski","status":"publish","type":"post","link":"https:\/\/comitati.fisi.org\/friuli-venezia-giulia\/blog\/2021\/01\/05\/davide-graz-parte-a-razzo-poi-chiude-con-un-bel-35-posto-la-15-km-del-tour-de-ski\/","title":{"rendered":"Davide Graz parte a razzo, poi chiude con un bel 35\u00b0 posto la 15 km del Tour de Ski"},"content":{"rendered":"<p>Davide Graz si \u00e8 piazzato 35\u00b0 nella 15 km tl maschile, quarta tappa del Tour de Ski di fondo.<\/p>\n<p>A Dobbiaco il 20enne scuola Camosci \u00e8 partito fortissimo, facendo segnare a lungo il miglior tempo al primo rilevamento cronometrico (aveva il pettorale 8) e ritrovandosi sesto dopo il passaggio di tutti i partecipanti. Graz ha continuato su questi ritmi per met\u00e0 gara, restando nei primi quindici e meno di 30&#8243; dal russo Bolshunov, poi vincitore.<br \/>\nNella seconda parte di gara il sappadino ha faticato di pi\u00f9, ma la sua resta comunque una prova positiva.<br \/>\nGraz ha chiuso a 1&#8217;49&#8221; da Bolshunov, che ha preceduto altri 4 connazionali, nell&#8217;ordine Spitsov, Yakimushkin, Chervotkin e Maltsev. Primo degli azzurri Salvadori, 21\u00b0 a 1&#8217;14&#8221;.<\/p>\n<p>&#8220;Non ho decisamente gestito bene la gara &#8211; dice Graz -. Conosco la pista, sono a un\u2019ora da casa. Non faccio spesso allenamento qui, ma mi sentivo bene e forse \u00e8 stato proprio quello il problema. Ho trovato il treno sbagliato, ho sprecato troppe energie e non sono riuscito a tenere. Pu\u00f2 sicuramente servirmi da esperienza, gi\u00e0 per domani. Speravo di fare meglio, anche se \u00e8 una specie di esordio non mi giustifico: avrei dovuto gestirla meglio. Posso dare di pi\u00fa&#8221;.<\/p>\n<p>In classifica generale Bulshunov comanda con 1&#8217;15&#8221; su Maltsev e 1&#8217;18&#8221; su Spitsov. Federico Pellegrino, oggi 25\u00b0, \u00e8 decimo a 3&#8217;30&#8221;, Graz 48\u00b0 a 7&#8217;42&#8221;.<\/p>\n<p><a href=\"https:\/\/www.fisifvg.org\/2021\/01\/05\/una-super-martina-di-centa-e-33a-nella-10-km-tl-del-tour-de-ski\/\">In precedenza Martina Di Centa era giunta 33a nella 10 km femminile al termine di una prestazione tutta in crescendo<\/a>.<\/p>\n<p>Mercoled\u00ec il programma di Dobbiaco si completer\u00e0 con l&#8217;inseguimento a tecnica classica: 10 km femminile alle 13.30, seguita alle 14.40 dalla 15 km maschile.<\/p>\n<p><a href=\"https:\/\/www.fis-ski.com\/DB\/general\/results.html?sectorcode=CC&amp;raceid=36520\">CLASSIFICA<\/a><\/p>\n<p><em><strong>(foto Newspower)<\/strong><\/em><\/p>\n<p>&nbsp;<\/p>\n","protected":false},"excerpt":{"rendered":"<p>A Dobbiaco il 20enne scuola Camosci ha fatto segnare a lungo il miglior tempo, ritrovandosi sesto dopo il passaggio di tutti i partecipanti<\/p>\n","protected":false},"author":4,"featured_media":73133,"comment_status":"closed","ping_status":"closed","sticky":false,"template":"","format":"standard","meta":{"_acf_changed":false,"footnotes":""},"categories":[11],"tags":[],"acf":[],"_links":{"self":[{"href":"https:\/\/comitati.fisi.org\/friuli-venezia-giulia\/wp-json\/wp\/v2\/posts\/73090"}],"collection":[{"href":"https:\/\/comitati.fisi.org\/friuli-venezia-giulia\/wp-json\/wp\/v2\/posts"}],"about":[{"href":"https:\/\/comitati.fisi.org\/friuli-venezia-giulia\/wp-json\/wp\/v2\/types\/post"}],"author":[{"embeddable":true,"href":"https:\/\/comitati.fisi.org\/friuli-venezia-giulia\/wp-json\/wp\/v2\/users\/4"}],"replies":[{"embeddable":true,"href":"https:\/\/comitati.fisi.org\/friuli-venezia-giulia\/wp-json\/wp\/v2\/comments?post=73090"}],"version-history":[{"count":0,"href":"https:\/\/comitati.fisi.org\/friuli-venezia-giulia\/wp-json\/wp\/v2\/posts\/73090\/revisions"}],"wp:featuredmedia":[{"embeddable":true,"href":"https:\/\/comitati.fisi.org\/friuli-venezia-giulia\/wp-json\/wp\/v2\/media\/73133"}],"wp:attachment":[{"href":"https:\/\/comitati.fisi.org\/friuli-venezia-giulia\/wp-json\/wp\/v2\/media?parent=73090"}],"wp:term":[{"taxonomy":"category","embeddable":true,"href":"https:\/\/comitati.fisi.org\/friuli-venezia-giulia\/wp-json\/wp\/v2\/categories?post=73090"},{"taxonomy":"post_tag","embeddable":true,"href":"https:\/\/comitati.fisi.org\/friuli-venezia-giulia\/wp-json\/wp\/v2\/tags?post=73090"}],"curies":[{"name":"wp","href":"https:\/\/api.w.org\/{rel}","templated":true}]}}