{"id":73088,"date":"2021-01-05T13:55:26","date_gmt":"2021-01-05T12:55:26","guid":{"rendered":"https:\/\/www.fisifvg.org\/?p=73088"},"modified":"2021-01-05T13:55:26","modified_gmt":"2021-01-05T12:55:26","slug":"una-super-martina-di-centa-e-33a-nella-10-km-tl-del-tour-de-ski","status":"publish","type":"post","link":"https:\/\/comitati.fisi.org\/friuli-venezia-giulia\/blog\/2021\/01\/05\/una-super-martina-di-centa-e-33a-nella-10-km-tl-del-tour-de-ski\/","title":{"rendered":"Una super Martina Di Centa \u00e8 33a nella 10 km tl del Tour de Ski"},"content":{"rendered":"<p>Il Tour de Ski \u00e8 arrivato in Italia, con Dobbiaco che ospita oggi le prove a tecnica libera con partenza in linea.<\/p>\n<p>Nella 10 km femminile splendida prestazione di Martina Di Centa, che con una prova in crescendo (era 41a dopo un terzo di gara) si \u00e8 piazzata 33a a 2&#8217;03&#8221; da Jessie Diggins, vincitrice con 14&#8243;8 sull&#8217;altra americana Rosie Brennan a 22&#8243; sulla svedese Ebba Anderson. Prima delle azzurre Anna Comarella, 12a a 1&#8217;03&#8221;, miglior prestazione in carriera.<\/p>\n<p>Martina Di Centa, che arriva a 15&#8243; dalla zona punti, conferma quindi le sue qualit\u00e0 in queste primissime uscite in Coppa del Mondo. Quello odierno \u00e8 il suo miglior risultato nel circuito.<\/p>\n<p style=\"text-align: left\" align=\"JUSTIFY\"><em><span style=\"font-family: Arial, Arial, sans-serif\">&#8220;L\u2019emozione della prima gara di Coppa del Mondo in Italia era tanta &#8211; <\/span><\/em><span style=\"font-family: Arial, Arial, sans-serif\">dice Martina <\/span><em><span style=\"font-family: Arial, Arial, sans-serif\">-. Mi sono sentita un po\u2019 a casa, sulle piste che mi sono pi\u00f9 familiari. Il Tour de Ski \u00e8 faticoso rispetto alle gare a cui ero abituata. Lo \u00e8 per tutti per\u00f2, anche per le veterane. \u00c8 dura fisicamente, ma anche mentalmente e non vale molto l\u2019averlo vissuto tante volte da spettatrice, a seguire pap\u00e0 Giorgio. Adesso sono io ad affrontare l\u2019emozione e la fatica e sono io che devo imparare a gestire le energie. \u00c8 come il primo giorno di scuola. Quest\u2019anno punto proprio a questo: imparare e pian pianino chiudere il gap che inevitabilmente mi divide da questi colossi degli sci stretti con tanti anni di esperienza&#8221;.<\/span><\/em><\/p>\n<p>Nella classifica generale del Tour Diggins comanda con 20&#8243; su Brennan e 1&#8217;02&#8221; sulla svedese Karlsson, con Comarella ventesima a 4&#8217;09&#8221; e Di Centa 41a 7&#8217;45&#8221;.<\/p>\n<p><a href=\"https:\/\/www.fisifvg.org\/2021\/01\/05\/davide-graz-parte-a-razzo-poi-chiude-con-un-bel-35-posto-la-15-km-del-tour-de-ski\/\">Nel pomeriggio Davide Graz ha chiuso al 35\u00b0 posto la 15 km maschile<\/a>.<\/p>\n<p>Mercoled\u00ec il programma di Dobbiaco si completer\u00e0 con l&#8217;inseguimento a tecnica classica: 10 km femminile alle 13.30, seguita alle 14.40 dalla 15 km maschile.<\/p>\n<p><a href=\"https:\/\/www.fis-ski.com\/DB\/general\/results.html?sectorcode=CC&amp;raceid=36519\">CLASSIFICA<\/a><\/p>\n<p><em><strong>(foto Newspower)<\/strong><\/em><\/p>\n<p>&nbsp;<\/p>\n","protected":false},"excerpt":{"rendered":"<p>Prova in crescendo per la paluzzana, 41a dopo un terzo di gara<\/p>\n","protected":false},"author":4,"featured_media":73132,"comment_status":"closed","ping_status":"closed","sticky":false,"template":"","format":"standard","meta":{"_acf_changed":false,"footnotes":""},"categories":[11],"tags":[],"acf":[],"_links":{"self":[{"href":"https:\/\/comitati.fisi.org\/friuli-venezia-giulia\/wp-json\/wp\/v2\/posts\/73088"}],"collection":[{"href":"https:\/\/comitati.fisi.org\/friuli-venezia-giulia\/wp-json\/wp\/v2\/posts"}],"about":[{"href":"https:\/\/comitati.fisi.org\/friuli-venezia-giulia\/wp-json\/wp\/v2\/types\/post"}],"author":[{"embeddable":true,"href":"https:\/\/comitati.fisi.org\/friuli-venezia-giulia\/wp-json\/wp\/v2\/users\/4"}],"replies":[{"embeddable":true,"href":"https:\/\/comitati.fisi.org\/friuli-venezia-giulia\/wp-json\/wp\/v2\/comments?post=73088"}],"version-history":[{"count":0,"href":"https:\/\/comitati.fisi.org\/friuli-venezia-giulia\/wp-json\/wp\/v2\/posts\/73088\/revisions"}],"wp:featuredmedia":[{"embeddable":true,"href":"https:\/\/comitati.fisi.org\/friuli-venezia-giulia\/wp-json\/wp\/v2\/media\/73132"}],"wp:attachment":[{"href":"https:\/\/comitati.fisi.org\/friuli-venezia-giulia\/wp-json\/wp\/v2\/media?parent=73088"}],"wp:term":[{"taxonomy":"category","embeddable":true,"href":"https:\/\/comitati.fisi.org\/friuli-venezia-giulia\/wp-json\/wp\/v2\/categories?post=73088"},{"taxonomy":"post_tag","embeddable":true,"href":"https:\/\/comitati.fisi.org\/friuli-venezia-giulia\/wp-json\/wp\/v2\/tags?post=73088"}],"curies":[{"name":"wp","href":"https:\/\/api.w.org\/{rel}","templated":true}]}}