{"id":72875,"date":"2020-12-28T11:59:01","date_gmt":"2020-12-28T10:59:01","guid":{"rendered":"https:\/\/www.fisifvg.org\/?p=72875"},"modified":"2020-12-28T11:59:01","modified_gmt":"2020-12-28T10:59:01","slug":"niente-seconda-manche-per-lara-della-mea-nel-gigante-di-coppa-del-mondo-di-semmering","status":"publish","type":"post","link":"https:\/\/comitati.fisi.org\/friuli-venezia-giulia\/blog\/2020\/12\/28\/niente-seconda-manche-per-lara-della-mea-nel-gigante-di-coppa-del-mondo-di-semmering\/","title":{"rendered":"Cancellato lo slalom gigante di Coppa del Mondo di Semmering"},"content":{"rendered":"<p>Troppo il vento salito sul pendio di Semmering per poter permettere la seconda manche del gigante femminile di Coppa del Mondo. La gara \u00e8 stata cos\u00ec cancellata, dopo l&#8217;abbassamento dello start e un paio di rinvii della partenza, e non sar\u00e0 riprogrammata in questi giorni nella stessa localit\u00e0 austriaca, n\u00e9 domattina, n\u00e9 mercoled\u00ec. Il programma prosegue quindi con lo slalom in notturna previsto per marted\u00ec con prima manche alle 15.15 e seconda alle 18.30, sempre con diretta su Rai Sport ed Eurosport.<br \/>\nSi vedr\u00e0 pi\u00f9 avanti se e dove eventualmente recuperare il gigante definitivamente cancellato a Semmerin<\/p>\n<p>Nella prima manche Lara Della Mea si era piazzata 58a; la tarvisiana, pettorale 69, aveva chiuso a 5&#8243;44 dalla slovacca Vlhova, al comando a met\u00e0 gara con 0&#8243;22 su Marta Bassino.<\/p>\n<p><em><strong>(nella foto Lara Della Mea nella prima e unica manche disputata oggi<\/strong><\/em>)<\/p>\n","protected":false},"excerpt":{"rendered":"<p>Domani Lara Della Mea sar\u00e0 impegnata nello slalom, sempre nella localit\u00e0 austriaca <\/p>\n","protected":false},"author":4,"featured_media":72882,"comment_status":"closed","ping_status":"closed","sticky":false,"template":"","format":"standard","meta":{"_acf_changed":false,"footnotes":""},"categories":[15],"tags":[],"acf":[],"_links":{"self":[{"href":"https:\/\/comitati.fisi.org\/friuli-venezia-giulia\/wp-json\/wp\/v2\/posts\/72875"}],"collection":[{"href":"https:\/\/comitati.fisi.org\/friuli-venezia-giulia\/wp-json\/wp\/v2\/posts"}],"about":[{"href":"https:\/\/comitati.fisi.org\/friuli-venezia-giulia\/wp-json\/wp\/v2\/types\/post"}],"author":[{"embeddable":true,"href":"https:\/\/comitati.fisi.org\/friuli-venezia-giulia\/wp-json\/wp\/v2\/users\/4"}],"replies":[{"embeddable":true,"href":"https:\/\/comitati.fisi.org\/friuli-venezia-giulia\/wp-json\/wp\/v2\/comments?post=72875"}],"version-history":[{"count":0,"href":"https:\/\/comitati.fisi.org\/friuli-venezia-giulia\/wp-json\/wp\/v2\/posts\/72875\/revisions"}],"wp:featuredmedia":[{"embeddable":true,"href":"https:\/\/comitati.fisi.org\/friuli-venezia-giulia\/wp-json\/wp\/v2\/media\/72882"}],"wp:attachment":[{"href":"https:\/\/comitati.fisi.org\/friuli-venezia-giulia\/wp-json\/wp\/v2\/media?parent=72875"}],"wp:term":[{"taxonomy":"category","embeddable":true,"href":"https:\/\/comitati.fisi.org\/friuli-venezia-giulia\/wp-json\/wp\/v2\/categories?post=72875"},{"taxonomy":"post_tag","embeddable":true,"href":"https:\/\/comitati.fisi.org\/friuli-venezia-giulia\/wp-json\/wp\/v2\/tags?post=72875"}],"curies":[{"name":"wp","href":"https:\/\/api.w.org\/{rel}","templated":true}]}}