{"id":72871,"date":"2020-12-28T10:36:31","date_gmt":"2020-12-28T09:36:31","guid":{"rendered":"https:\/\/www.fisifvg.org\/?p=72871"},"modified":"2020-12-28T10:36:31","modified_gmt":"2020-12-28T09:36:31","slug":"il-superg-di-bormio-con-emanuele-buzzi-in-gara-posticipato-a-martedi-29","status":"publish","type":"post","link":"https:\/\/comitati.fisi.org\/friuli-venezia-giulia\/blog\/2020\/12\/28\/il-superg-di-bormio-con-emanuele-buzzi-in-gara-posticipato-a-martedi-29\/","title":{"rendered":"Il superG di Bormio, con Emanuele Buzzi in gara, posticipato a marted\u00ec 29"},"content":{"rendered":"<p>A causa di neve e nebbia il superG di Coppa del Mondo di Bormio, previsto oggi, \u00e8 stato posticipato a domani (marted\u00ec 29) alle 11.30.<\/p>\n<p>Di conseguenza la discesa si svolger\u00e0 mercoled\u00ec 30.<\/p>\n<p>Oggi Emanuele Buzzi<em><strong> (nella foto)<\/strong><\/em> avrebbe dovuto prendere il via con il pettorale 2.<\/p>\n<p><a href=\"https:\/\/www.fis-ski.com\/DB\/general\/results.html?sectorcode=AL&amp;raceid=104303\">CLASSIFICA<\/a><\/p>\n","protected":false},"excerpt":{"rendered":"<p>Di conseguenza la discesa si svolger\u00e0 mercoled\u00ec 30<\/p>\n","protected":false},"author":4,"featured_media":72872,"comment_status":"closed","ping_status":"closed","sticky":false,"template":"","format":"standard","meta":{"_acf_changed":false,"footnotes":""},"categories":[15],"tags":[],"acf":[],"_links":{"self":[{"href":"https:\/\/comitati.fisi.org\/friuli-venezia-giulia\/wp-json\/wp\/v2\/posts\/72871"}],"collection":[{"href":"https:\/\/comitati.fisi.org\/friuli-venezia-giulia\/wp-json\/wp\/v2\/posts"}],"about":[{"href":"https:\/\/comitati.fisi.org\/friuli-venezia-giulia\/wp-json\/wp\/v2\/types\/post"}],"author":[{"embeddable":true,"href":"https:\/\/comitati.fisi.org\/friuli-venezia-giulia\/wp-json\/wp\/v2\/users\/4"}],"replies":[{"embeddable":true,"href":"https:\/\/comitati.fisi.org\/friuli-venezia-giulia\/wp-json\/wp\/v2\/comments?post=72871"}],"version-history":[{"count":0,"href":"https:\/\/comitati.fisi.org\/friuli-venezia-giulia\/wp-json\/wp\/v2\/posts\/72871\/revisions"}],"wp:featuredmedia":[{"embeddable":true,"href":"https:\/\/comitati.fisi.org\/friuli-venezia-giulia\/wp-json\/wp\/v2\/media\/72872"}],"wp:attachment":[{"href":"https:\/\/comitati.fisi.org\/friuli-venezia-giulia\/wp-json\/wp\/v2\/media?parent=72871"}],"wp:term":[{"taxonomy":"category","embeddable":true,"href":"https:\/\/comitati.fisi.org\/friuli-venezia-giulia\/wp-json\/wp\/v2\/categories?post=72871"},{"taxonomy":"post_tag","embeddable":true,"href":"https:\/\/comitati.fisi.org\/friuli-venezia-giulia\/wp-json\/wp\/v2\/tags?post=72871"}],"curies":[{"name":"wp","href":"https:\/\/api.w.org\/{rel}","templated":true}]}}