{"id":72867,"date":"2020-12-27T16:38:51","date_gmt":"2020-12-27T15:38:51","guid":{"rendered":"https:\/\/www.fisifvg.org\/?p=72867"},"modified":"2020-12-27T16:38:51","modified_gmt":"2020-12-27T15:38:51","slug":"al-via-la-due-giorni-di-coppa-del-mondo-per-lara-della-mea","status":"publish","type":"post","link":"https:\/\/comitati.fisi.org\/friuli-venezia-giulia\/blog\/2020\/12\/27\/al-via-la-due-giorni-di-coppa-del-mondo-per-lara-della-mea\/","title":{"rendered":"Al via la due giorni di Coppa del Mondo per Lara Della Mea"},"content":{"rendered":"<p>Vigilia di gara del quarto gigante stagionale di Coppa del mondo femminile, in programma luned\u00ec 28 dicembre sulla pista di Semmering (prima manche alle ore 10.00, seconda manche alle ore 13.30 con diretta televisiva su Raisport ed Eurosport) che non ha visto la consueta sciata in pista da parte delle iscritte, limitatesi ad un lavoro a secco.\u00a0 L&#8217;Italia sar\u00e0 al via con nove atlete: Federica Brignone, Marta Bassino, Sofia Goggia, Elena Curtoni, Valentina Cillara Rossi, <strong>Lara Della Mea (<em>nella foto),<\/em><\/strong> Luisa Bertani, Laura Pirovano e Roberta Melesi, con l&#8217;obiettivo di colmare un vuoto di successi che dura dal 2002, quando ad imporsi nella localit\u00e0 austriaca fu Karen Putzer. Stavolta la squadra azzurra si presenta con Brignone e Bassino che occupano i primi due posti della graduatoria di specialit\u00e0 con 205 e 200 punti, davanti a Mikaela Shiffrin con 150.<\/p>\n<p>Curiosamente la valdostana da queste parti non \u00e8 mai andata oltre la sesta posizione. &#8220;Da Val d&#8217;Is\u00e8re ho messo gli sci un solo giorno, mi ha consentito di migliorare tantissimo dal punto di vista fisico, stanno per arrivare gare importanti e c&#8217;\u00e8 voluto un po&#8217; di riposo perch\u00e8 l&#8217;inverno \u00e8 appena iniziato. Non ho gareggiato molte volte qui a Semmering, per\u00f2 ricordo che la parte alta \u00e8 piuttosta piatta, sotto invece \u00e8 abbastanza impegnativa, bisogna continuare a mollare, cercare di sciare. Due anni fa mi piazzai sesta, sono abbastanza decisa a farmi diventare simpatica anche questa pista&#8221;.<\/p>\n<p>Marta Bassino, quinta nel 2016 e decima nel 2018, cercher\u00e0 di ritrovare il filo con il podio dopo i due successi di Soelden e Courchevel e l&#8217;uscita a porte porte dal traguardo nella terza gara disputata sempre in Francia, quando almeno il podio era ormai cosa fatta. &#8220;Sono diventata zia di Pietro da pochi giorni, \u00e8 stato un regalo fantastico. Sono riuscita a fare due giorni di allenamento a casa, uno in gigante e uno slalom, qui ho grande voglia di confermare l&#8217;ottimo inizio di stagione. Ho voltato subito pagina dopo l&#8217;uscita di Courchevel, sto sciando in generale molto bene anche nelle altre discipline. Abbiamo una grande squadra, siamo guidate dalle persone giuste, le gare sono il risultato di quanto abbiamo fatto prima e che vogliamo proseguire&#8221;.<\/p>\n","protected":false},"excerpt":{"rendered":"<p>La tarvisiana sar\u00e0 impegnata luned\u00ec 28 nel gigante e marted\u00ec 29 nello slalom<\/p>\n","protected":false},"author":4,"featured_media":71241,"comment_status":"closed","ping_status":"closed","sticky":false,"template":"","format":"standard","meta":{"_acf_changed":false,"footnotes":""},"categories":[15],"tags":[],"acf":[],"_links":{"self":[{"href":"https:\/\/comitati.fisi.org\/friuli-venezia-giulia\/wp-json\/wp\/v2\/posts\/72867"}],"collection":[{"href":"https:\/\/comitati.fisi.org\/friuli-venezia-giulia\/wp-json\/wp\/v2\/posts"}],"about":[{"href":"https:\/\/comitati.fisi.org\/friuli-venezia-giulia\/wp-json\/wp\/v2\/types\/post"}],"author":[{"embeddable":true,"href":"https:\/\/comitati.fisi.org\/friuli-venezia-giulia\/wp-json\/wp\/v2\/users\/4"}],"replies":[{"embeddable":true,"href":"https:\/\/comitati.fisi.org\/friuli-venezia-giulia\/wp-json\/wp\/v2\/comments?post=72867"}],"version-history":[{"count":0,"href":"https:\/\/comitati.fisi.org\/friuli-venezia-giulia\/wp-json\/wp\/v2\/posts\/72867\/revisions"}],"wp:featuredmedia":[{"embeddable":true,"href":"https:\/\/comitati.fisi.org\/friuli-venezia-giulia\/wp-json\/wp\/v2\/media\/71241"}],"wp:attachment":[{"href":"https:\/\/comitati.fisi.org\/friuli-venezia-giulia\/wp-json\/wp\/v2\/media?parent=72867"}],"wp:term":[{"taxonomy":"category","embeddable":true,"href":"https:\/\/comitati.fisi.org\/friuli-venezia-giulia\/wp-json\/wp\/v2\/categories?post=72867"},{"taxonomy":"post_tag","embeddable":true,"href":"https:\/\/comitati.fisi.org\/friuli-venezia-giulia\/wp-json\/wp\/v2\/tags?post=72867"}],"curies":[{"name":"wp","href":"https:\/\/api.w.org\/{rel}","templated":true}]}}