{"id":72861,"date":"2020-12-27T16:28:58","date_gmt":"2020-12-27T15:28:58","guid":{"rendered":"https:\/\/www.fisifvg.org\/?p=72861"},"modified":"2020-12-27T16:28:58","modified_gmt":"2020-12-27T15:28:58","slug":"emanuele-buzzi-in-gara-lunedi-nel-superg-di-coppa-del-mondo-di-bormio","status":"publish","type":"post","link":"https:\/\/comitati.fisi.org\/friuli-venezia-giulia\/blog\/2020\/12\/27\/emanuele-buzzi-in-gara-lunedi-nel-superg-di-coppa-del-mondo-di-bormio\/","title":{"rendered":"Emanuele Buzzi in gara luned\u00ec nel superG di Coppa del Mondo di Bormio"},"content":{"rendered":"<p>E&#8217; ancora Ryan Cochran-Siegle il pi\u00f9 veloce nella seconda prova cronometrata in vista della discesa maschile di Coppa del mondo in programma maeted\u00ec 29 dicembre sulla pista Stelvio di Brmio. Lo statunitense, risultato il pi\u00f9 veloce nel primo allenamento di sabato, si \u00e8 ripetuto anche in questa occasione, realizzando un crono (1&#8217;58&#8243;38) inferiore in tre decimi rispetto al giorno precedente. Cambia invece il secondo classificato, che in questa occasione \u00e8 l&#8217;austriaco Matthias Kriechmayr a 30 centesimi, mentre l&#8217;altro austriaco Matthias Mayer conferma il piazzamento con il terzo posto a 34 centesimi, a pari merti con il transalpino Bryce Roger, sceso con il pettorale numero 44.<\/p>\n<p>Quinto Matthieu Bailet, sesto un positivo Domink Paris, che sul tracciato che gli ha regalato 6 trionfi in carriera, sta ritrovando la fiducia necessaria dopo l&#8217;infortunio al ginocchio della passata stagione. Il campione della Val d&#8217;Ultimo accusa appena 1&#8243;20 di distacco. &#8220;La neve \u00e8 diventata pi\u00f9 lucida e decisamente pi\u00f9 tosta &#8211; ha dichiarato Paris -, \u00e8 stato un allenamento abbastanza faticoso. Ho preso un po&#8217; le misure per cercare la fiducia che mi \u00e8 mancata nelle scorse settimane, non \u00e8 facile farlo su questa pista&#8221;.<\/p>\n<p>Apparso in miglioramento anche Christof Innerhofer, sedicesimo a 1&#8243;80, con ottimi parziali nella parte alta. &#8220;Sono contento che fisicamente sto meglio rispetto alle ultime due settimane &#8211; ha detto il finanziere di Gais -. Sabato tanti atleti hanno fatto solo una ricognizione veloce, oggi ho cercato di spingere maggiormente, soprattutto nella prima parte, mentre in fondo ho cercato di risparmiarmi, proprio dove scio meglio. Avevo qualche dubbio alla vigilia, invece ho visto che non \u00e8 male, soprattutto in alto i tempi sono promettenti. L&#8217;inversione delle gare ci complica leggermente la situazione, sicuramente le condizioni saranno diverse visto che \u00e8 previsto brutto tempo. Per me era importante capire quai erano i miei limiti, anche se nevicher\u00e0 ci sar\u00e0 da divertirci, a me non d\u00e0 fastidio&#8221;.<\/p>\n<p>Bella prova anche per Pietro Zazzi e Florian Schieder che, partiti con pettorali oltre il 60 si sono inseriti rispettivamente al 18\/o e 20\/o posto. Oltre i trenta Davide Cazzaniga, Matteo Marsaglia, <strong>mentre Emanuele Buzzi<em> (nella foto)<\/em><\/strong> \u00e8 stato fermato lungo il tracciato mentre stava scendendo a causa della caduta dello svizzero Roulin, che lo precedeva al via.<\/p>\n<p>Luned\u00ec 28 dicembre parte la due giorni valtellinese, con l&#8217;annunciat inversione delle gare a causa delle previsioni che parlano di una fitta nevicata: si comincia con il supergigante (ore 11.30), seguito marted\u00ec 29 dicembre dalla discesa alla stessa ora.<\/p>\n","protected":false},"excerpt":{"rendered":"<p>Oggi nella seconda prova della discesa il sappadino \u00e8 stato fermato per la caduta dello sciatore che lo precedeva<\/p>\n","protected":false},"author":4,"featured_media":72862,"comment_status":"closed","ping_status":"closed","sticky":false,"template":"","format":"standard","meta":{"_acf_changed":false,"footnotes":""},"categories":[15],"tags":[],"acf":[],"_links":{"self":[{"href":"https:\/\/comitati.fisi.org\/friuli-venezia-giulia\/wp-json\/wp\/v2\/posts\/72861"}],"collection":[{"href":"https:\/\/comitati.fisi.org\/friuli-venezia-giulia\/wp-json\/wp\/v2\/posts"}],"about":[{"href":"https:\/\/comitati.fisi.org\/friuli-venezia-giulia\/wp-json\/wp\/v2\/types\/post"}],"author":[{"embeddable":true,"href":"https:\/\/comitati.fisi.org\/friuli-venezia-giulia\/wp-json\/wp\/v2\/users\/4"}],"replies":[{"embeddable":true,"href":"https:\/\/comitati.fisi.org\/friuli-venezia-giulia\/wp-json\/wp\/v2\/comments?post=72861"}],"version-history":[{"count":0,"href":"https:\/\/comitati.fisi.org\/friuli-venezia-giulia\/wp-json\/wp\/v2\/posts\/72861\/revisions"}],"wp:featuredmedia":[{"embeddable":true,"href":"https:\/\/comitati.fisi.org\/friuli-venezia-giulia\/wp-json\/wp\/v2\/media\/72862"}],"wp:attachment":[{"href":"https:\/\/comitati.fisi.org\/friuli-venezia-giulia\/wp-json\/wp\/v2\/media?parent=72861"}],"wp:term":[{"taxonomy":"category","embeddable":true,"href":"https:\/\/comitati.fisi.org\/friuli-venezia-giulia\/wp-json\/wp\/v2\/categories?post=72861"},{"taxonomy":"post_tag","embeddable":true,"href":"https:\/\/comitati.fisi.org\/friuli-venezia-giulia\/wp-json\/wp\/v2\/tags?post=72861"}],"curies":[{"name":"wp","href":"https:\/\/api.w.org\/{rel}","templated":true}]}}