{"id":72853,"date":"2020-12-26T14:17:59","date_gmt":"2020-12-26T13:17:59","guid":{"rendered":"https:\/\/www.fisifvg.org\/?p=72853"},"modified":"2020-12-26T14:17:59","modified_gmt":"2020-12-26T13:17:59","slug":"emanuele-buzzi-21-nella-prima-prova-della-discesa-di-bormio","status":"publish","type":"post","link":"https:\/\/comitati.fisi.org\/friuli-venezia-giulia\/blog\/2020\/12\/26\/emanuele-buzzi-21-nella-prima-prova-della-discesa-di-bormio\/","title":{"rendered":"Emanuele Buzzi 21\u00b0 nella prima prova della discesa di Bormio"},"content":{"rendered":"<p>Santo Stefano in pista per <strong>Emanuele Buzzi<\/strong>, impegnato nella prima prova in vista della discesa di Coppa del Mondo.<\/p>\n<p>Sulla Stelvio il sappadino ha ottenuto il 21\u00b0 tempo a 2&#8243;84 dal pi\u00f9 veloce, l&#8217;americano Cochran-Siegle, con il norvegese Kilde secondo a 0&#8243;58 e l&#8217;austriaco Mayer terzo a 0&#8243;61. Primo degli azzurri Christof Innerhofer, decimo a 2&#8243;24.<\/p>\n<p>&#8220;E&#8217; sempre il risveglio dopo le vacanze &#8211; dice Buzzi -. La pista \u00e8 buia e ghiacciata. C&#8217;\u00e8 abbastanza grip, ma d\u00e0 cos\u00ec fiducia per sciare forte. Ho fatto meglio la parte bassa, quella alta prover\u00f2 a farla meglio domani. Vorrei trovare un po&#8217; pi\u00f9 di fiducia nella sciata e fare un bel risultato&#8221;.<\/p>\n<p>Si inverte intanto il programma delle gare. A causa delle previsioni meteo avverse per la giornata del 28 dicembre, la giuria, in accordo con FISI e Infront ha deciso di invertire il programma delle gare: il 28 si disputer\u00e0 il superG, start alle 11.30, mentre il 29 sar\u00e0 il turno della discesa sempre con il via alle 11.30<\/p>\n<p>Domenica la seconda prova.<\/p>\n<p><a href=\"https:\/\/www.fis-ski.com\/DB\/general\/results.html?sectorcode=AL&amp;raceid=104300\">CLASSIFICA<\/a><\/p>\n","protected":false},"excerpt":{"rendered":"<p>Sulla Stelvio il sappadino ha chiuso a 2&#8243;84 dal pi\u00f9 veloce, l&#8217;americano Cochran-Siegle<\/p>\n","protected":false},"author":4,"featured_media":64010,"comment_status":"closed","ping_status":"closed","sticky":false,"template":"","format":"standard","meta":{"_acf_changed":false,"footnotes":""},"categories":[15],"tags":[],"acf":[],"_links":{"self":[{"href":"https:\/\/comitati.fisi.org\/friuli-venezia-giulia\/wp-json\/wp\/v2\/posts\/72853"}],"collection":[{"href":"https:\/\/comitati.fisi.org\/friuli-venezia-giulia\/wp-json\/wp\/v2\/posts"}],"about":[{"href":"https:\/\/comitati.fisi.org\/friuli-venezia-giulia\/wp-json\/wp\/v2\/types\/post"}],"author":[{"embeddable":true,"href":"https:\/\/comitati.fisi.org\/friuli-venezia-giulia\/wp-json\/wp\/v2\/users\/4"}],"replies":[{"embeddable":true,"href":"https:\/\/comitati.fisi.org\/friuli-venezia-giulia\/wp-json\/wp\/v2\/comments?post=72853"}],"version-history":[{"count":0,"href":"https:\/\/comitati.fisi.org\/friuli-venezia-giulia\/wp-json\/wp\/v2\/posts\/72853\/revisions"}],"wp:featuredmedia":[{"embeddable":true,"href":"https:\/\/comitati.fisi.org\/friuli-venezia-giulia\/wp-json\/wp\/v2\/media\/64010"}],"wp:attachment":[{"href":"https:\/\/comitati.fisi.org\/friuli-venezia-giulia\/wp-json\/wp\/v2\/media?parent=72853"}],"wp:term":[{"taxonomy":"category","embeddable":true,"href":"https:\/\/comitati.fisi.org\/friuli-venezia-giulia\/wp-json\/wp\/v2\/categories?post=72853"},{"taxonomy":"post_tag","embeddable":true,"href":"https:\/\/comitati.fisi.org\/friuli-venezia-giulia\/wp-json\/wp\/v2\/tags?post=72853"}],"curies":[{"name":"wp","href":"https:\/\/api.w.org\/{rel}","templated":true}]}}