{"id":72802,"date":"2020-12-25T12:06:10","date_gmt":"2020-12-25T11:06:10","guid":{"rendered":"https:\/\/www.fisifvg.org\/?p=72802"},"modified":"2020-12-25T12:06:10","modified_gmt":"2020-12-25T11:06:10","slug":"santo-stefano-in-pista-per-emanuele-buzzi-con-la-prima-prova-della-discesa-di-bormio","status":"publish","type":"post","link":"https:\/\/comitati.fisi.org\/friuli-venezia-giulia\/blog\/2020\/12\/25\/santo-stefano-in-pista-per-emanuele-buzzi-con-la-prima-prova-della-discesa-di-bormio\/","title":{"rendered":"Santo Stefano in pista per Emanuele Buzzi con la prima prova della discesa di Bormio"},"content":{"rendered":"<p>Dominik Paris guida la pattuglia italiana impegnata luned\u00ec 28 e marted\u00ec 29 dicembre sulla mitica pista Stelvio nella discesa e nel supergigante maschile. Il campione della Val d&#8217;Ultimo vanta addirittura sei trionfi (cinque in discesa e uno in supergigante) e insieme a lui saranno presenti Christof Innerhofer (re in discesa nel 2008, secondo in discesa nel 2018 e terzo in discesa nel 2010), Florian Schieder, Matteo Marsaglia, Guglielmo Bosca, <strong>Emanuele Buzzi <em>(nella foto)<\/em><\/strong><em>,<\/em> Davide Cazzaniga, Riccardo Tonetti e Pietro Zazzi. Il programma della manifestazione si aprir\u00e0 sabato 26 e domenica 27 dicembre con le due prove ufficiali alle ore 11.30, stesso orario anche per le giornate di gare.<\/p>\n<p>Nel frattempo la pista di gara \u00e8 stata preparata grazie al sapiente lavoro eseguito dagli uomini di Chicco Pedrini coordinati dai direttori di pista Omar Galli e Tino Pietrogiovanna. \u201cSulla pista sono state posizionate le reti A e B \u2013 dice Omar Galli -, tutto quel che riguarda la sicurezza e a posto e quindi mancano solo alcuni dettagli per poter ospitare due bellissime gare di Coppa del Mondo. Il fondo della pista \u00e8 duro e compatto, la Stelvio \u00e8 gi\u00e0 in perfette condizioni, pronta per la discesa e il SuperG\u201d. La kermesse ha anche una grande importanza dal punto di vista della promozione turistica del territorio, con l\u2019immagine della Magnifica Terra e delle sue eccellenze che verranno veicolate al meglio nei prossimi giorni da media. A questo proposito saranno\u00a0 presenti a Bormio un buon numero di giornalisti e fotografi, oltre agli operatori delle principali televisioni.<\/p>\n<p>A Bormio, cos\u00ec come del resto nelle altre localit\u00e0 che ospitano le competizioni in giro per il mondo, l\u2019atmosfera sar\u00e0 diversa rispetto agli altri anni, a causa delle restrizioni imposte dalla normativa anti Covid 19. Niente pubblico ad accogliere i funambolici uomini jet, niente consegna dei pettorali in piazza del Kuerc e niente manifestazioni collaterali. Ma quel che non mancher\u00e0 sar\u00e0 sicuramente lo spettacolo in pista. Dopo il debutto avvenuto in occasione di Mondiali del 1985, con la vittoria in discesa del fuoriclasse svizzero Pirmin Zurbriggen, la Stelvio \u00e8 entrata a far parte stabilmente del circuito di Coppa del Mondo nel 1993. Di l\u00ec \u00e8 incominciata una escalation continua per una pista meravigliosa sulla quale, a detta di molti interpreti, si disputa la discesa \u201cpi\u00f9 difficile del mondo\u201d, quella \u201cche non ti permette mai di \u201crilassarti\u201d ma richiede un impegno e una concentrazione costanti dal primo all\u2019ultimo metro\u201d. Sicuramente la discesa sulla Stelvio \u00e8 diventata una delle classiche, una gara che pu\u00f2 valere per molti un\u2019intera stagione.<\/p>\n<p>Il programma 2020<br \/>\nSabato 26.12 &#8211; ore 11:30 &#8211; Prima prova ufficiale della discesa libera maschile \u2013 Ski stadium<br \/>\nDomenica 27.12 &#8211; ore 11:30 &#8211; Seconda prova ufficiale della discesa libera maschile &#8211; Skistadium<br \/>\nLunedi\u0300 28.12 &#8211; ore 11:30 &#8211; Gara di discesa libera maschile e Cerimonia di premiazione &#8211; Ski stadium<br \/>\nMartedi\u0300 29.12 &#8211; ore 11:30 &#8211; Gara di Super G e Cerimonia di premiazione \u2013 Ski stadium<\/p>\n","protected":false},"excerpt":{"rendered":"<p>La gara si svolger\u00e0 luned\u00ec 28, seguita il giorno successivo dal superG<\/p>\n","protected":false},"author":4,"featured_media":72650,"comment_status":"closed","ping_status":"closed","sticky":false,"template":"","format":"standard","meta":{"_acf_changed":false,"footnotes":""},"categories":[15],"tags":[],"acf":[],"_links":{"self":[{"href":"https:\/\/comitati.fisi.org\/friuli-venezia-giulia\/wp-json\/wp\/v2\/posts\/72802"}],"collection":[{"href":"https:\/\/comitati.fisi.org\/friuli-venezia-giulia\/wp-json\/wp\/v2\/posts"}],"about":[{"href":"https:\/\/comitati.fisi.org\/friuli-venezia-giulia\/wp-json\/wp\/v2\/types\/post"}],"author":[{"embeddable":true,"href":"https:\/\/comitati.fisi.org\/friuli-venezia-giulia\/wp-json\/wp\/v2\/users\/4"}],"replies":[{"embeddable":true,"href":"https:\/\/comitati.fisi.org\/friuli-venezia-giulia\/wp-json\/wp\/v2\/comments?post=72802"}],"version-history":[{"count":0,"href":"https:\/\/comitati.fisi.org\/friuli-venezia-giulia\/wp-json\/wp\/v2\/posts\/72802\/revisions"}],"wp:featuredmedia":[{"embeddable":true,"href":"https:\/\/comitati.fisi.org\/friuli-venezia-giulia\/wp-json\/wp\/v2\/media\/72650"}],"wp:attachment":[{"href":"https:\/\/comitati.fisi.org\/friuli-venezia-giulia\/wp-json\/wp\/v2\/media?parent=72802"}],"wp:term":[{"taxonomy":"category","embeddable":true,"href":"https:\/\/comitati.fisi.org\/friuli-venezia-giulia\/wp-json\/wp\/v2\/categories?post=72802"},{"taxonomy":"post_tag","embeddable":true,"href":"https:\/\/comitati.fisi.org\/friuli-venezia-giulia\/wp-json\/wp\/v2\/tags?post=72802"}],"curies":[{"name":"wp","href":"https:\/\/api.w.org\/{rel}","templated":true}]}}