{"id":72770,"date":"2020-12-22T12:09:31","date_gmt":"2020-12-22T11:09:31","guid":{"rendered":"https:\/\/www.fisifvg.org\/?p=72770"},"modified":"2020-12-22T12:09:31","modified_gmt":"2020-12-22T11:09:31","slug":"comunicazione-del-presidente-della-fisi-roda-sul-decreto-legge-del-18-dicembre","status":"publish","type":"post","link":"https:\/\/comitati.fisi.org\/friuli-venezia-giulia\/blog\/2020\/12\/22\/comunicazione-del-presidente-della-fisi-roda-sul-decreto-legge-del-18-dicembre\/","title":{"rendered":"Comunicazione del presidente della FISI Roda sul Decreto-Legge del 18 dicembre"},"content":{"rendered":"<p><em><strong>Proponiamo la comunicazione del presidente della FISI Flavio Roda.<\/strong><\/em><\/p>\n<p>In relazione all&#8217;entrata in vigore del Decreto-Legge n. 172 del 18 dicembre 2020 \u201ccd Decreto Natale\u201d, si rappresenta quanto segue:<\/p>\n<p>1) nei giorni 24, 25, 26, 27 e 31 dicembre 2020 nonch\u00e9 nei giorni 1, 2, 3, 5 e 6 gennaio 2021 \u201cZona Rossa\u201d pu\u00f2 essere svolta: (i) attivit\u00e0 sportiva in forma individuale e all&#8217;aperto; (ii) attivit\u00e0 sportivo-agonistica, e relativi allenamenti, solamente da parte degli atleti di Squadra Nazionale per i quali lo svolgimento di tali attivit\u00e0 sia di fatto assimilabile a motivo di lavoro;<\/p>\n<p>2) nei giorni 28, 29, 30 dicembre 2020 e 4 gennaio 2021 \u201cZona Arancione\u201d, in considerazione del fatto che da tale Decreto-Legge risultano consentiti gli spostamenti all&#8217;interno dei propri Comuni, \u00e8 altres\u00ec consentito lo svolgimento dell&#8217;attivit\u00e0 sportivo-agonistica, e delle relative attivit\u00e0 di allenamento, da parte degli atleti di interesse nazionale (secondo la definizione data ai sensi della nota della Federazione di interpretazione del DPCM 3 dicembre 2020 e cio\u00e8 gli atleti la cui attivit\u00e0 sia finalizzata alla partecipazione ad allenamenti o manifestazioni di preminente interesse nazionale), solo all&#8217;interno del Comune o nel rispetto delle eccezioni previste nel Decreto-Legge summenzionato (ai sensi delle quali sono consentiti gli spostamenti dai Comuni con popolazione non superiore a 5.000 abitanti e per una distanza non superiore a 30 chilometri dai relativi confini, quindi eventualmente anche in un\u2019altra Regione, con esclusione in ogni\u00a0 caso\u00a0 degli spostamenti verso i capoluoghi di provincia).<\/p>\n<p>Per quanto concerne invece le attivit\u00e0 sportivo-agonistiche (e relative sessioni di allenamento) svolte dal 21 al 23 dicembre 2020 ed a partire dal 7 gennaio 2021, fatte salve eventuali ulteriori disposizioni normative o regolamentari che nel frattempo dovessero essere emanate, si conferma la piena applicazione delle precedenti disposizioni (vedasi nota di interpretazione della Federazione al DPCM 3 dicembre 2020).<\/p>\n<p><strong>FLAVIO RODA<\/strong><\/p>\n","protected":false},"excerpt":{"rendered":"<p>Si fa riferimento all&#8217;attivit\u00e0 sportiva dal 24 dicembre 2020 al 6 gennaio 2021<\/p>\n","protected":false},"author":4,"featured_media":69662,"comment_status":"closed","ping_status":"closed","sticky":false,"template":"","format":"standard","meta":{"_acf_changed":false,"footnotes":""},"categories":[21,17],"tags":[],"acf":[],"_links":{"self":[{"href":"https:\/\/comitati.fisi.org\/friuli-venezia-giulia\/wp-json\/wp\/v2\/posts\/72770"}],"collection":[{"href":"https:\/\/comitati.fisi.org\/friuli-venezia-giulia\/wp-json\/wp\/v2\/posts"}],"about":[{"href":"https:\/\/comitati.fisi.org\/friuli-venezia-giulia\/wp-json\/wp\/v2\/types\/post"}],"author":[{"embeddable":true,"href":"https:\/\/comitati.fisi.org\/friuli-venezia-giulia\/wp-json\/wp\/v2\/users\/4"}],"replies":[{"embeddable":true,"href":"https:\/\/comitati.fisi.org\/friuli-venezia-giulia\/wp-json\/wp\/v2\/comments?post=72770"}],"version-history":[{"count":0,"href":"https:\/\/comitati.fisi.org\/friuli-venezia-giulia\/wp-json\/wp\/v2\/posts\/72770\/revisions"}],"wp:featuredmedia":[{"embeddable":true,"href":"https:\/\/comitati.fisi.org\/friuli-venezia-giulia\/wp-json\/wp\/v2\/media\/69662"}],"wp:attachment":[{"href":"https:\/\/comitati.fisi.org\/friuli-venezia-giulia\/wp-json\/wp\/v2\/media?parent=72770"}],"wp:term":[{"taxonomy":"category","embeddable":true,"href":"https:\/\/comitati.fisi.org\/friuli-venezia-giulia\/wp-json\/wp\/v2\/categories?post=72770"},{"taxonomy":"post_tag","embeddable":true,"href":"https:\/\/comitati.fisi.org\/friuli-venezia-giulia\/wp-json\/wp\/v2\/tags?post=72770"}],"curies":[{"name":"wp","href":"https:\/\/api.w.org\/{rel}","templated":true}]}}