{"id":72755,"date":"2020-12-21T16:02:18","date_gmt":"2020-12-21T15:02:18","guid":{"rendered":"https:\/\/www.fisifvg.org\/?p=72755"},"modified":"2020-12-21T16:02:18","modified_gmt":"2020-12-21T15:02:18","slug":"gran-vittoria-di-hans-vaccari-nello-slalom-di-schladming","status":"publish","type":"post","link":"https:\/\/comitati.fisi.org\/friuli-venezia-giulia\/blog\/2020\/12\/21\/gran-vittoria-di-hans-vaccari-nello-slalom-di-schladming\/","title":{"rendered":"Gran vittoria di Hans Vaccari nello slalom di Schladming"},"content":{"rendered":"<p>Primo successo stagionale per <strong>Hans Vaccari.<\/strong><\/p>\n<p>Il 24enne del Cs Esercito, scuola <strong>Sci CAI Monte Lussari<\/strong>, si \u00e8 imposto nello slalom in una delle localit\u00e0 simbolo dello sci e in particolare di questa specialit\u00e0, ovvero Schladming, sede della mitica &#8220;Night Race&#8221; di Coppa del Mondo.<\/p>\n<p>Alla gara austriaca era presente la squadra azzurra di Coppa Europa e Hans si \u00e8 imposto con 0&#8243;56 su Rueland e 0&#8243;59 su Dorner, entrambi sciatori di casa. Un margine significativo per una prova fra i pali snodati.<\/p>\n<p>Una bella soddisfazione, quindi, per il pontebbano, che ha come obiettivo ritrovare un pettorale di Coppa del Mondo.<\/p>\n<p><a href=\"https:\/\/www.fis-ski.com\/DB\/general\/results.html?sectorcode=AL&amp;competitorid=173845&amp;raceid=108020\">CLASSIFICA<\/a><\/p>\n<p>Intanto a Alleghe si \u00e8 disputato lo slalom valido per i Campionati Italiani Cittadini 19-20. Peccato per <strong>Andrea Craievich dello Sci Club 70,<\/strong> al comando della prova femminile a met\u00e0 gara ma poi uscita nella seconda manche.<\/p>\n<p><em><strong>(nella foto Vaccari con il trofeo riservato al vincitore)<\/strong><\/em><\/p>\n","protected":false},"excerpt":{"rendered":"<p>Il 24enne scuola Sci CAI Monte Lussari si \u00e8 imposto con oltre mezzo secondo di margine su tutti gli avversari<\/p>\n","protected":false},"author":4,"featured_media":72757,"comment_status":"closed","ping_status":"closed","sticky":false,"template":"","format":"standard","meta":{"_acf_changed":false,"footnotes":""},"categories":[10,15],"tags":[],"acf":[],"_links":{"self":[{"href":"https:\/\/comitati.fisi.org\/friuli-venezia-giulia\/wp-json\/wp\/v2\/posts\/72755"}],"collection":[{"href":"https:\/\/comitati.fisi.org\/friuli-venezia-giulia\/wp-json\/wp\/v2\/posts"}],"about":[{"href":"https:\/\/comitati.fisi.org\/friuli-venezia-giulia\/wp-json\/wp\/v2\/types\/post"}],"author":[{"embeddable":true,"href":"https:\/\/comitati.fisi.org\/friuli-venezia-giulia\/wp-json\/wp\/v2\/users\/4"}],"replies":[{"embeddable":true,"href":"https:\/\/comitati.fisi.org\/friuli-venezia-giulia\/wp-json\/wp\/v2\/comments?post=72755"}],"version-history":[{"count":0,"href":"https:\/\/comitati.fisi.org\/friuli-venezia-giulia\/wp-json\/wp\/v2\/posts\/72755\/revisions"}],"wp:featuredmedia":[{"embeddable":true,"href":"https:\/\/comitati.fisi.org\/friuli-venezia-giulia\/wp-json\/wp\/v2\/media\/72757"}],"wp:attachment":[{"href":"https:\/\/comitati.fisi.org\/friuli-venezia-giulia\/wp-json\/wp\/v2\/media?parent=72755"}],"wp:term":[{"taxonomy":"category","embeddable":true,"href":"https:\/\/comitati.fisi.org\/friuli-venezia-giulia\/wp-json\/wp\/v2\/categories?post=72755"},{"taxonomy":"post_tag","embeddable":true,"href":"https:\/\/comitati.fisi.org\/friuli-venezia-giulia\/wp-json\/wp\/v2\/tags?post=72755"}],"curies":[{"name":"wp","href":"https:\/\/api.w.org\/{rel}","templated":true}]}}