{"id":72244,"date":"2020-12-13T12:13:06","date_gmt":"2020-12-13T11:13:06","guid":{"rendered":"https:\/\/www.fisifvg.org\/?p=72244"},"modified":"2020-12-13T12:13:06","modified_gmt":"2020-12-13T11:13:06","slug":"buzzi-finisce-nelle-reti-senza-conseguenze-nella-discesa-della-val-disere","status":"publish","type":"post","link":"https:\/\/comitati.fisi.org\/friuli-venezia-giulia\/blog\/2020\/12\/13\/buzzi-finisce-nelle-reti-senza-conseguenze-nella-discesa-della-val-disere\/","title":{"rendered":"Buzzi finisce nelle reti (senza conseguenze) nella discesa della Val d&#8217;Isere"},"content":{"rendered":"<p>Emanuele Buzzi \u00e8 finito nelle reti\u00a0 in Val d&#8217;Isere (Francia) nella prima discesa libera di Coppa del Mondo della stagione.<\/p>\n<p>Il 26enne di Sappada, ventesimo a met\u00e0 gara, ha perso il controllo degli sci ed \u00e8 scivolato, con la caduta frenata dalle reti di protezione. Fortunatamente Buzzi si \u00e8 rialzato quasi subito, rimettendosi gli sci e rientrando autonomamente al traguardo.<\/p>\n<p>Vittoria a sorpresa per lo sloveno Cater (pettorale 41), decimo Dominik Paris, primo degli azzurri.<\/p>\n<p>Prossimo appuntamento in Val Gardena, con superG venerd\u00ec 18 e discesa sabato 19.<\/p>\n<p><a href=\"https:\/\/www.fis-ski.com\/DB\/general\/results.html?sectorcode=AL&amp;raceid=107381\">CLASSIFICA<\/a><\/p>\n<p>&nbsp;<\/p>\n","protected":false},"excerpt":{"rendered":"<p>Il 26enne di Sappada, ventesimo a met\u00e0 gara, ha perso il controllo degli sci ed \u00e8 scivolato<\/p>\n","protected":false},"author":4,"featured_media":72247,"comment_status":"closed","ping_status":"closed","sticky":false,"template":"","format":"standard","meta":{"_acf_changed":false,"footnotes":""},"categories":[15],"tags":[],"acf":[],"_links":{"self":[{"href":"https:\/\/comitati.fisi.org\/friuli-venezia-giulia\/wp-json\/wp\/v2\/posts\/72244"}],"collection":[{"href":"https:\/\/comitati.fisi.org\/friuli-venezia-giulia\/wp-json\/wp\/v2\/posts"}],"about":[{"href":"https:\/\/comitati.fisi.org\/friuli-venezia-giulia\/wp-json\/wp\/v2\/types\/post"}],"author":[{"embeddable":true,"href":"https:\/\/comitati.fisi.org\/friuli-venezia-giulia\/wp-json\/wp\/v2\/users\/4"}],"replies":[{"embeddable":true,"href":"https:\/\/comitati.fisi.org\/friuli-venezia-giulia\/wp-json\/wp\/v2\/comments?post=72244"}],"version-history":[{"count":0,"href":"https:\/\/comitati.fisi.org\/friuli-venezia-giulia\/wp-json\/wp\/v2\/posts\/72244\/revisions"}],"wp:featuredmedia":[{"embeddable":true,"href":"https:\/\/comitati.fisi.org\/friuli-venezia-giulia\/wp-json\/wp\/v2\/media\/72247"}],"wp:attachment":[{"href":"https:\/\/comitati.fisi.org\/friuli-venezia-giulia\/wp-json\/wp\/v2\/media?parent=72244"}],"wp:term":[{"taxonomy":"category","embeddable":true,"href":"https:\/\/comitati.fisi.org\/friuli-venezia-giulia\/wp-json\/wp\/v2\/categories?post=72244"},{"taxonomy":"post_tag","embeddable":true,"href":"https:\/\/comitati.fisi.org\/friuli-venezia-giulia\/wp-json\/wp\/v2\/tags?post=72244"}],"curies":[{"name":"wp","href":"https:\/\/api.w.org\/{rel}","templated":true}]}}