{"id":72242,"date":"2020-12-13T15:06:06","date_gmt":"2020-12-13T14:06:06","guid":{"rendered":"https:\/\/www.fisifvg.org\/?p=72242"},"modified":"2020-12-13T15:06:06","modified_gmt":"2020-12-13T14:06:06","slug":"punti-di-coppa-del-mondo-per-graz-26-nella-15-km-di-davos","status":"publish","type":"post","link":"https:\/\/comitati.fisi.org\/friuli-venezia-giulia\/blog\/2020\/12\/13\/punti-di-coppa-del-mondo-per-graz-26-nella-15-km-di-davos\/","title":{"rendered":"Punti di Coppa del Mondo per Graz, 26\u00b0 nella 15 km di Davos"},"content":{"rendered":"<p>Reduce dal 41\u00b0 posto ottenuto ieri nelle qualificazioni della sprint, Davide Graz ha partecipato oggi alla 15 km a tecnica libera di Coppa del Mondo di Davos, in Svizzera.<\/p>\n<p>Il finanziere scuola Asd Camosci ha conquistato punti chiudendo la sua prova al 26\u00b0 posto, lontano 1&#8217;29&#8221; dal vincitore, il russo Bolshunov, che ha preceduto tre connazionali e l&#8217;azzurro Francesco De Fabiani, quinto.<\/p>\n<p>Graz \u00e8 partito forte, tanto che a met\u00e0 gara si \u00e8 ritrovato costantemente fra i migliori 20, poi ha perso qualcosa e non \u00e8 stato nemmeno troppo fortunato, visto che un secondo in meno sul tempo finale gli avrebbe consentito di scalare tre posizioni.<\/p>\n<p><a href=\"https:\/\/www.fis-ski.com\/DB\/general\/results.html?sectorcode=CC&amp;raceid=36426\">CLASSIFICA<\/a><\/p>\n","protected":false},"excerpt":{"rendered":"<p>Il sappadino \u00e8 partito forte, tanto che met\u00e0 gara si \u00e8 ritrovato costantemente fra i migliori 20<\/p>\n","protected":false},"author":4,"featured_media":63562,"comment_status":"closed","ping_status":"closed","sticky":false,"template":"","format":"standard","meta":{"_acf_changed":false,"footnotes":""},"categories":[10,11],"tags":[],"acf":[],"_links":{"self":[{"href":"https:\/\/comitati.fisi.org\/friuli-venezia-giulia\/wp-json\/wp\/v2\/posts\/72242"}],"collection":[{"href":"https:\/\/comitati.fisi.org\/friuli-venezia-giulia\/wp-json\/wp\/v2\/posts"}],"about":[{"href":"https:\/\/comitati.fisi.org\/friuli-venezia-giulia\/wp-json\/wp\/v2\/types\/post"}],"author":[{"embeddable":true,"href":"https:\/\/comitati.fisi.org\/friuli-venezia-giulia\/wp-json\/wp\/v2\/users\/4"}],"replies":[{"embeddable":true,"href":"https:\/\/comitati.fisi.org\/friuli-venezia-giulia\/wp-json\/wp\/v2\/comments?post=72242"}],"version-history":[{"count":0,"href":"https:\/\/comitati.fisi.org\/friuli-venezia-giulia\/wp-json\/wp\/v2\/posts\/72242\/revisions"}],"wp:featuredmedia":[{"embeddable":true,"href":"https:\/\/comitati.fisi.org\/friuli-venezia-giulia\/wp-json\/wp\/v2\/media\/63562"}],"wp:attachment":[{"href":"https:\/\/comitati.fisi.org\/friuli-venezia-giulia\/wp-json\/wp\/v2\/media?parent=72242"}],"wp:term":[{"taxonomy":"category","embeddable":true,"href":"https:\/\/comitati.fisi.org\/friuli-venezia-giulia\/wp-json\/wp\/v2\/categories?post=72242"},{"taxonomy":"post_tag","embeddable":true,"href":"https:\/\/comitati.fisi.org\/friuli-venezia-giulia\/wp-json\/wp\/v2\/tags?post=72242"}],"curies":[{"name":"wp","href":"https:\/\/api.w.org\/{rel}","templated":true}]}}