{"id":72142,"date":"2020-12-11T21:39:33","date_gmt":"2020-12-11T20:39:33","guid":{"rendered":"https:\/\/www.fisifvg.org\/?p=72142"},"modified":"2020-12-11T21:39:33","modified_gmt":"2020-12-11T20:39:33","slug":"che-brava-martina-zanitzer-e-11a-nella-fis-di-salto","status":"publish","type":"post","link":"https:\/\/comitati.fisi.org\/friuli-venezia-giulia\/blog\/2020\/12\/11\/che-brava-martina-zanitzer-e-11a-nella-fis-di-salto\/","title":{"rendered":"Che brava Martina Zanitzer, \u00e8 11a nella FIS di salto"},"content":{"rendered":"<p>Martina Zanitzer ha preso parte questa sera alla prime delle due prove FIS femminili di salto con gli sci di Kandersteg, in Svizzera.<\/p>\n<p>La lussarina della squadra FISI FVG si \u00e8 piazzata undicesima, un ottimo risultato anche considerando che era la pi\u00f9 giovane in gara con i suoi 15 anni compiuti a settembre. Martina \u00e8 atterrata a 73 metri nel primo salto, a 77 nel secondo, in quella che pu\u00f2 essere considerata la miglior gara della sua ancora breve carriera.<\/p>\n<p>Non \u00e8 presente invece la compagna di squadra Greta Pinzani, inizialmente convocata, che sta preparando le gare di Alpen Cup della prossima settimana a Seefeld.<\/p>\n<p>Successo per la francese Julia Clair con 102.5 e 96 metri rispettivamente, con l&#8217;azzurra Lara Malsiner seconda (96 e 91.5).<\/p>\n<p>Sabato \u00e8 in programma un&#8217;altra gara femminile, oltre che a quella maschile.<\/p>\n<p><a href=\"https:\/\/www.fis-ski.com\/DB\/general\/results.html?sectorcode=JP&amp;raceid=5993\">CLASSIFICA<\/a><\/p>\n","protected":false},"excerpt":{"rendered":"<p>Sabato \u00e8 in programma un&#8217;altra gara femminile, oltre che a quella maschile<\/p>\n","protected":false},"author":4,"featured_media":62233,"comment_status":"closed","ping_status":"closed","sticky":false,"template":"","format":"standard","meta":{"_acf_changed":false,"footnotes":""},"categories":[12],"tags":[],"acf":[],"_links":{"self":[{"href":"https:\/\/comitati.fisi.org\/friuli-venezia-giulia\/wp-json\/wp\/v2\/posts\/72142"}],"collection":[{"href":"https:\/\/comitati.fisi.org\/friuli-venezia-giulia\/wp-json\/wp\/v2\/posts"}],"about":[{"href":"https:\/\/comitati.fisi.org\/friuli-venezia-giulia\/wp-json\/wp\/v2\/types\/post"}],"author":[{"embeddable":true,"href":"https:\/\/comitati.fisi.org\/friuli-venezia-giulia\/wp-json\/wp\/v2\/users\/4"}],"replies":[{"embeddable":true,"href":"https:\/\/comitati.fisi.org\/friuli-venezia-giulia\/wp-json\/wp\/v2\/comments?post=72142"}],"version-history":[{"count":0,"href":"https:\/\/comitati.fisi.org\/friuli-venezia-giulia\/wp-json\/wp\/v2\/posts\/72142\/revisions"}],"wp:featuredmedia":[{"embeddable":true,"href":"https:\/\/comitati.fisi.org\/friuli-venezia-giulia\/wp-json\/wp\/v2\/media\/62233"}],"wp:attachment":[{"href":"https:\/\/comitati.fisi.org\/friuli-venezia-giulia\/wp-json\/wp\/v2\/media?parent=72142"}],"wp:term":[{"taxonomy":"category","embeddable":true,"href":"https:\/\/comitati.fisi.org\/friuli-venezia-giulia\/wp-json\/wp\/v2\/categories?post=72142"},{"taxonomy":"post_tag","embeddable":true,"href":"https:\/\/comitati.fisi.org\/friuli-venezia-giulia\/wp-json\/wp\/v2\/tags?post=72142"}],"curies":[{"name":"wp","href":"https:\/\/api.w.org\/{rel}","templated":true}]}}