{"id":72137,"date":"2020-12-11T16:13:16","date_gmt":"2020-12-11T15:13:16","guid":{"rendered":"https:\/\/www.fisifvg.org\/?p=72137"},"modified":"2020-12-11T16:13:16","modified_gmt":"2020-12-11T15:13:16","slug":"apre-da-sabato-12-la-pista-di-sci-nordico-di-forni-di-sopra","status":"publish","type":"post","link":"https:\/\/comitati.fisi.org\/friuli-venezia-giulia\/blog\/2020\/12\/11\/apre-da-sabato-12-la-pista-di-sci-nordico-di-forni-di-sopra\/","title":{"rendered":"Apre da sabato 12 la pista di sci nordico di Forni di Sopra"},"content":{"rendered":"<p><strong>La Societ\u00e0 Sportiva Fornese <\/strong>comunica che, grazie alle abbondanti nevicate dei giorni scorsi, la <strong>pista di Sci Nordico di Forni di Sopra sar\u00e0 aperta da sabato 12 dicembre.<\/strong><\/p>\n<p>Il tracciato si sviluppa lungo il\u00a0<strong>fiume Tagliamento,<\/strong>\u00a0la cui sorgente \u00e9 situata pochi chilometri pi\u00f9 a monte, ed \u00e8 inserita nel<strong>\u00a0Dolomiti Nordic Ski,<\/strong>\u00a0il circuito internazionale di piste da fondo. Una caratteristica molto apprezzata dell&#8217;anello di fondo \u00e8 quella di offrire\u00a0<strong>percorsi adatti a tutti i tipi di sciatori<\/strong>, sia amatoriali che sportivi avanzati, grazie alle varianti agonistiche facoltative ben articolate lungo il tracciato.<br \/>\nGran parte della pista \u00e8 esposta al sole per tutta la mattinata, questo rende pi\u00f9 facile e divertente sciare anche in condizioni di rigidit\u00e0 atmosferica. L&#8217;accesso alla pista si trova presso il Centro Fondo &#8220;Tagliamento&#8221;. Adiacente alla pista si trova il noleggio sci &#8220;3S&#8221; con tutte le informazioni per corsi e lezioni impartite dai maestri della\u00a0<strong>Scuola Italiana Sci.<\/strong><\/p>\n<p>Le regole di accesso saranno esposte presso la zona di partenza e viene raccomandato il massimo rispetto del distanziamento interpersonale.<\/p>\n<p>Informazioni al numero 339-4618869 (Marco).<\/p>\n","protected":false},"excerpt":{"rendered":"<p>Le regole di accesso saranno esposte presso la zona di partenza e viene raccomandato il massimo rispetto del distanziamento interpersonale<\/p>\n","protected":false},"author":4,"featured_media":72139,"comment_status":"closed","ping_status":"closed","sticky":false,"template":"","format":"standard","meta":{"_acf_changed":false,"footnotes":""},"categories":[11],"tags":[],"acf":[],"_links":{"self":[{"href":"https:\/\/comitati.fisi.org\/friuli-venezia-giulia\/wp-json\/wp\/v2\/posts\/72137"}],"collection":[{"href":"https:\/\/comitati.fisi.org\/friuli-venezia-giulia\/wp-json\/wp\/v2\/posts"}],"about":[{"href":"https:\/\/comitati.fisi.org\/friuli-venezia-giulia\/wp-json\/wp\/v2\/types\/post"}],"author":[{"embeddable":true,"href":"https:\/\/comitati.fisi.org\/friuli-venezia-giulia\/wp-json\/wp\/v2\/users\/4"}],"replies":[{"embeddable":true,"href":"https:\/\/comitati.fisi.org\/friuli-venezia-giulia\/wp-json\/wp\/v2\/comments?post=72137"}],"version-history":[{"count":0,"href":"https:\/\/comitati.fisi.org\/friuli-venezia-giulia\/wp-json\/wp\/v2\/posts\/72137\/revisions"}],"wp:featuredmedia":[{"embeddable":true,"href":"https:\/\/comitati.fisi.org\/friuli-venezia-giulia\/wp-json\/wp\/v2\/media\/72139"}],"wp:attachment":[{"href":"https:\/\/comitati.fisi.org\/friuli-venezia-giulia\/wp-json\/wp\/v2\/media?parent=72137"}],"wp:term":[{"taxonomy":"category","embeddable":true,"href":"https:\/\/comitati.fisi.org\/friuli-venezia-giulia\/wp-json\/wp\/v2\/categories?post=72137"},{"taxonomy":"post_tag","embeddable":true,"href":"https:\/\/comitati.fisi.org\/friuli-venezia-giulia\/wp-json\/wp\/v2\/tags?post=72137"}],"curies":[{"name":"wp","href":"https:\/\/api.w.org\/{rel}","templated":true}]}}